{"id":14,"count":13,"description":"","link":"https:\/\/oji.fundacion-sm.org\/pt-br\/decifrando-a-juventude\/","name":"Decifrando a juventude","slug":"decifrando-a-juventude","taxonomy":"category","parent":0,"meta":[],"acf":[],"yoast_head":"<!-- This site is optimized with the Yoast SEO plugin v26.7 - https:\/\/yoast.com\/wordpress\/plugins\/seo\/ -->\n<title>Decifrando a juventude - Observat\u00f3rio da Juventude na Ibero-Am\u00e9rica (OJI)<\/title>\n<meta name=\"description\" content=\"Decifrando a juventude \u00e9 uma s\u00e9rie de artigos do Observat\u00f3rio da Juventude na Ibero-Am\u00e9rica (OJI), da Funda\u00e7\u00e3o SM, onde voc\u00ea pode aprofundar na juventude, educa\u00e7\u00e3o e cultura na regi\u00e3o Ibero-Americana.\" \/>\n<meta name=\"robots\" content=\"index, follow, max-snippet:-1, max-image-preview:large, max-video-preview:-1\" \/>\n<link rel=\"canonical\" href=\"https:\/\/oji.fundacion-sm.org\/pt-br\/decifrando-a-juventude\/\" \/>\n<meta property=\"og:locale\" content=\"pt_BR\" \/>\n<meta property=\"og:type\" content=\"article\" \/>\n<meta property=\"og:title\" content=\"Decifrando a juventude - Observat\u00f3rio da Juventude na Ibero-Am\u00e9rica (OJI)\" \/>\n<meta property=\"og:description\" content=\"Decifrando a juventude \u00e9 uma s\u00e9rie de artigos do Observat\u00f3rio da Juventude na Ibero-Am\u00e9rica (OJI), da Funda\u00e7\u00e3o SM, onde voc\u00ea pode aprofundar na juventude, educa\u00e7\u00e3o e cultura na regi\u00e3o Ibero-Americana.\" \/>\n<meta property=\"og:url\" content=\"https:\/\/oji.fundacion-sm.org\/pt-br\/decifrando-a-juventude\/\" \/>\n<meta property=\"og:site_name\" content=\"Observat\u00f3rio da Juventude na Ibero-Am\u00e9rica (OJI)\" \/>\n<meta property=\"og:image\" content=\"https:\/\/oji.fundacion-sm.org\/wp-content\/uploads\/sites\/4\/2023\/10\/oji_rrss.jpg\" \/>\n\t<meta property=\"og:image:width\" content=\"1200\" \/>\n\t<meta property=\"og:image:height\" content=\"675\" \/>\n\t<meta property=\"og:image:type\" content=\"image\/jpeg\" \/>\n<meta name=\"twitter:card\" content=\"summary_large_image\" \/>\n<script type=\"application\/ld+json\" class=\"yoast-schema-graph\">{\"@context\":\"https:\/\/schema.org\",\"@graph\":[{\"@type\":\"CollectionPage\",\"@id\":\"https:\/\/oji.fundacion-sm.org\/pt-br\/decifrando-a-juventude\/\",\"url\":\"https:\/\/oji.fundacion-sm.org\/pt-br\/decifrando-a-juventude\/\",\"name\":\"Decifrando a juventude - Observat\u00f3rio da Juventude na Ibero-Am\u00e9rica (OJI)\",\"isPartOf\":{\"@id\":\"https:\/\/oji.fundacion-sm.org\/pt-br\/#website\"},\"description\":\"Decifrando a juventude \u00e9 uma s\u00e9rie de artigos do Observat\u00f3rio da Juventude na Ibero-Am\u00e9rica (OJI), da Funda\u00e7\u00e3o SM, onde voc\u00ea pode aprofundar na juventude, educa\u00e7\u00e3o e cultura na regi\u00e3o Ibero-Americana.\",\"breadcrumb\":{\"@id\":\"https:\/\/oji.fundacion-sm.org\/pt-br\/decifrando-a-juventude\/#breadcrumb\"},\"inLanguage\":\"pt-BR\"},{\"@type\":\"BreadcrumbList\",\"@id\":\"https:\/\/oji.fundacion-sm.org\/pt-br\/decifrando-a-juventude\/#breadcrumb\",\"itemListElement\":[{\"@type\":\"ListItem\",\"position\":1,\"name\":\"Home\",\"item\":\"https:\/\/oji.fundacion-sm.org\/pt-br\/\"},{\"@type\":\"ListItem\",\"position\":2,\"name\":\"Decifrando a juventude\"}]},{\"@type\":\"WebSite\",\"@id\":\"https:\/\/oji.fundacion-sm.org\/pt-br\/#website\",\"url\":\"https:\/\/oji.fundacion-sm.org\/pt-br\/\",\"name\":\"Observat\u00f3rio da Juventude na Ibero-Am\u00e9rica (OJI)\",\"description\":\"Somos un programa de la Fundaci\u00f3n SM con vocaci\u00f3n de agrupar conocimiento, ser un lugar de referencia y servir de nexo de uni\u00f3n entre distintos observatorios y estudios sobre juventud e Iberoam\u00e9rica.\",\"publisher\":{\"@id\":\"https:\/\/oji.fundacion-sm.org\/pt-br\/#organization\"},\"potentialAction\":[{\"@type\":\"SearchAction\",\"target\":{\"@type\":\"EntryPoint\",\"urlTemplate\":\"https:\/\/oji.fundacion-sm.org\/pt-br\/?s={search_term_string}\"},\"query-input\":{\"@type\":\"PropertyValueSpecification\",\"valueRequired\":true,\"valueName\":\"search_term_string\"}}],\"inLanguage\":\"pt-BR\"},{\"@type\":\"Organization\",\"@id\":\"https:\/\/oji.fundacion-sm.org\/pt-br\/#organization\",\"name\":\"Fundaci\u00f3n SM\",\"url\":\"https:\/\/oji.fundacion-sm.org\/pt-br\/\",\"logo\":{\"@type\":\"ImageObject\",\"inLanguage\":\"pt-BR\",\"@id\":\"https:\/\/oji.fundacion-sm.org\/pt-br\/#\/schema\/logo\/image\/\",\"url\":\"https:\/\/oji.fundacion-sm.org\/wp-content\/uploads\/sites\/4\/2023\/10\/logotipo-fundacion-sm.png\",\"contentUrl\":\"https:\/\/oji.fundacion-sm.org\/wp-content\/uploads\/sites\/4\/2023\/10\/logotipo-fundacion-sm.png\",\"width\":447,\"height\":85,\"caption\":\"Fundaci\u00f3n SM\"},\"image\":{\"@id\":\"https:\/\/oji.fundacion-sm.org\/pt-br\/#\/schema\/logo\/image\/\"}}]}<\/script>\n<!-- \/ Yoast SEO plugin. -->","yoast_head_json":{"title":"Decifrando a juventude - Observat\u00f3rio da Juventude na Ibero-Am\u00e9rica (OJI)","description":"Decifrando a juventude \u00e9 uma s\u00e9rie de artigos do Observat\u00f3rio da Juventude na Ibero-Am\u00e9rica (OJI), da Funda\u00e7\u00e3o SM, onde voc\u00ea pode aprofundar na juventude, educa\u00e7\u00e3o e cultura na regi\u00e3o Ibero-Americana.","robots":{"index":"index","follow":"follow","max-snippet":"max-snippet:-1","max-image-preview":"max-image-preview:large","max-video-preview":"max-video-preview:-1"},"canonical":"https:\/\/oji.fundacion-sm.org\/pt-br\/decifrando-a-juventude\/","og_locale":"pt_BR","og_type":"article","og_title":"Decifrando a juventude - Observat\u00f3rio da Juventude na Ibero-Am\u00e9rica (OJI)","og_description":"Decifrando a juventude \u00e9 uma s\u00e9rie de artigos do Observat\u00f3rio da Juventude na Ibero-Am\u00e9rica (OJI), da Funda\u00e7\u00e3o SM, onde voc\u00ea pode aprofundar na juventude, educa\u00e7\u00e3o e cultura na regi\u00e3o Ibero-Americana.","og_url":"https:\/\/oji.fundacion-sm.org\/pt-br\/decifrando-a-juventude\/","og_site_name":"Observat\u00f3rio da Juventude na Ibero-Am\u00e9rica (OJI)","og_image":[{"width":1200,"height":675,"url":"https:\/\/oji.fundacion-sm.org\/wp-content\/uploads\/sites\/4\/2023\/10\/oji_rrss.jpg","type":"image\/jpeg"}],"twitter_card":"summary_large_image","schema":{"@context":"https:\/\/schema.org","@graph":[{"@type":"CollectionPage","@id":"https:\/\/oji.fundacion-sm.org\/pt-br\/decifrando-a-juventude\/","url":"https:\/\/oji.fundacion-sm.org\/pt-br\/decifrando-a-juventude\/","name":"Decifrando a juventude - Observat\u00f3rio da Juventude na Ibero-Am\u00e9rica (OJI)","isPartOf":{"@id":"https:\/\/oji.fundacion-sm.org\/pt-br\/#website"},"description":"Decifrando a juventude \u00e9 uma s\u00e9rie de artigos do Observat\u00f3rio da Juventude na Ibero-Am\u00e9rica (OJI), da Funda\u00e7\u00e3o SM, onde voc\u00ea pode aprofundar na juventude, educa\u00e7\u00e3o e cultura na regi\u00e3o Ibero-Americana.","breadcrumb":{"@id":"https:\/\/oji.fundacion-sm.org\/pt-br\/decifrando-a-juventude\/#breadcrumb"},"inLanguage":"pt-BR"},{"@type":"BreadcrumbList","@id":"https:\/\/oji.fundacion-sm.org\/pt-br\/decifrando-a-juventude\/#breadcrumb","itemListElement":[{"@type":"ListItem","position":1,"name":"Home","item":"https:\/\/oji.fundacion-sm.org\/pt-br\/"},{"@type":"ListItem","position":2,"name":"Decifrando a juventude"}]},{"@type":"WebSite","@id":"https:\/\/oji.fundacion-sm.org\/pt-br\/#website","url":"https:\/\/oji.fundacion-sm.org\/pt-br\/","name":"Observat\u00f3rio da Juventude na Ibero-Am\u00e9rica (OJI)","description":"Somos un programa de la Fundaci\u00f3n SM con vocaci\u00f3n de agrupar conocimiento, ser un lugar de referencia y servir de nexo de uni\u00f3n entre distintos observatorios y estudios sobre juventud e Iberoam\u00e9rica.","publisher":{"@id":"https:\/\/oji.fundacion-sm.org\/pt-br\/#organization"},"potentialAction":[{"@type":"SearchAction","target":{"@type":"EntryPoint","urlTemplate":"https:\/\/oji.fundacion-sm.org\/pt-br\/?s={search_term_string}"},"query-input":{"@type":"PropertyValueSpecification","valueRequired":true,"valueName":"search_term_string"}}],"inLanguage":"pt-BR"},{"@type":"Organization","@id":"https:\/\/oji.fundacion-sm.org\/pt-br\/#organization","name":"Fundaci\u00f3n SM","url":"https:\/\/oji.fundacion-sm.org\/pt-br\/","logo":{"@type":"ImageObject","inLanguage":"pt-BR","@id":"https:\/\/oji.fundacion-sm.org\/pt-br\/#\/schema\/logo\/image\/","url":"https:\/\/oji.fundacion-sm.org\/wp-content\/uploads\/sites\/4\/2023\/10\/logotipo-fundacion-sm.png","contentUrl":"https:\/\/oji.fundacion-sm.org\/wp-content\/uploads\/sites\/4\/2023\/10\/logotipo-fundacion-sm.png","width":447,"height":85,"caption":"Fundaci\u00f3n SM"},"image":{"@id":"https:\/\/oji.fundacion-sm.org\/pt-br\/#\/schema\/logo\/image\/"}}]}},"_links":{"self":[{"href":"https:\/\/oji.fundacion-sm.org\/pt-br\/wp-json\/wp\/v2\/categories\/14","targetHints":{"allow":["GET"]}}],"collection":[{"href":"https:\/\/oji.fundacion-sm.org\/pt-br\/wp-json\/wp\/v2\/categories"}],"about":[{"href":"https:\/\/oji.fundacion-sm.org\/pt-br\/wp-json\/wp\/v2\/taxonomies\/category"}],"wp:post_type":[{"href":"https:\/\/oji.fundacion-sm.org\/pt-br\/wp-json\/wp\/v2\/posts?categories=14"}],"curies":[{"name":"wp","href":"https:\/\/api.w.org\/{rel}","templated":true}]}}