{"id":3524,"date":"2022-04-29T13:45:00","date_gmt":"2022-04-29T11:45:00","guid":{"rendered":"https:\/\/oji.fundacion-sm.org\/?p=3524"},"modified":"2023-11-02T13:54:51","modified_gmt":"2023-11-02T11:54:51","slug":"ande-sempre-com-uma-lupa","status":"publish","type":"post","link":"https:\/\/oji.fundacion-sm.org\/pt-br\/decifrando-a-juventude\/integracao-social-pt-br\/ande-sempre-com-uma-lupa\/","title":{"rendered":"Ande sempre com uma lupa"},"content":{"rendered":"\t\t<div data-elementor-type=\"wp-post\" data-elementor-id=\"3524\" class=\"elementor elementor-3524\" data-elementor-post-type=\"post\">\n\t\t\t\t\t\t<section class=\"elementor-section elementor-top-section elementor-element elementor-element-62e6fd0a elementor-section-full_width elementor-section-height-default elementor-section-height-default\" data-id=\"62e6fd0a\" data-element_type=\"section\">\n\t\t\t\t\t\t<div class=\"elementor-container elementor-column-gap-default\">\n\t\t\t\t\t<div class=\"elementor-column elementor-col-100 elementor-top-column elementor-element elementor-element-6b258983\" data-id=\"6b258983\" data-element_type=\"column\">\n\t\t\t<div class=\"elementor-widget-wrap elementor-element-populated\">\n\t\t\t\t\t\t<div class=\"elementor-element elementor-element-b6851bf elementor-widget elementor-widget-bloque-texto\" data-id=\"b6851bf\" data-element_type=\"widget\" data-widget_type=\"bloque-texto.default\">\n\t\t\t\t<div class=\"elementor-widget-container\">\n\t\t\t\t\t<!-- Texto -->\n<section class=\"bloque bloque-texto  \">\n    <div class=\"container\">\n                <div class=\"row\">\n            <div class=\"col-12 col-lg-8 offset-lg-3\">\n                <div class=\"the_content\" data-aos=\"fade-up\" data-aos-duration=\"700\">\n                                        <p>Muitos s\u00e3o os sentidos para a palavra \u201ccuidar\u201d. Aprendi com um amigo, o educador Bruninho Souza, em uma conversa no podcast \u201cPara onde vamos\u201d, que \u201ccuidar est\u00e1 muito relacionado a colocar uma lupa sobre o que aconteceu, sobre o que est\u00e1 acontecendo agora e como a gente pode, coletivamente, intervir nesse cen\u00e1rio, nessas atitudes\u201d.<\/p>\n<p>Como diz o Bruninho, o cuidado com n\u00f3s mesmos s\u00f3 pode acontecer quando temos dimens\u00e3o da situa\u00e7\u00e3o que vivemos. Quando temos consci\u00eancia do que est\u00e1 acontecendo em n\u00f3s e ao nosso redor. Inspirado pelo Bruninho, fa\u00e7o aqui o convite para que voc\u00ea ande sempre com uma lupa. N\u00e3o uma lupa daquelas que se encontra em papelaria, mas sim que seus sentidos se tornem lupas, que voc\u00ea ande com uma vontade intensa de criar intimidade com o que est\u00e1 perto.<\/p>\n<p>As ocupa\u00e7\u00f5es de escolas p\u00fablicas em S\u00e3o Paulo entre 2015 e 2016 foram um marco hist\u00f3rico na educa\u00e7\u00e3o do Brasil e tem tudo a ver com essa for\u00e7a que existe quando prestamos aten\u00e7\u00e3o naquilo que est\u00e1 bem perto. Naqueles anos das ocupa\u00e7\u00f5es, o levante dos estudantes contra o fechamento de escolas se tornou um movimento em que jovens ampliaram suas pot\u00eancias, passaram a perceber com lupa o dia a dia da escola e inventaram outros jeitos de estar naquele cotidiano mais pr\u00f3ximo.<\/p>\n<p>Mandei uma mensagem para uma amiga, a fot\u00f3grafa Alicia Esteves, que \u00e9 uma das integrantes do grupo Coletiva Ocupa\u00e7\u00e3o e, em 2015, estava de corpo inteiro envolvida nas ocupa\u00e7\u00f5es das escolas, para perguntar que aprendizados daqueles tempos ela carrega at\u00e9 hoje.<\/p>\n<p>\u201cSete anos depois sei que posso te responder com certeza que a cada dia que passou tive uma resposta diferente pra sua pergunta. E hoje a partir da sua provoca\u00e7\u00e3o consigo alinh\u00e1-las juntas num grande emaranhado. Tive um grande choque em 2015: perceber a minha exist\u00eancia para al\u00e9m das grandes institui\u00e7\u00f5es (estado, conven\u00e7\u00f5es sociais, patriarcado etc.). E foi atrav\u00e9s da ocupa\u00e7\u00e3o que pude experienciar esse choque da forma mais concreta poss\u00edvel\u201d, conta Alicia.<\/p>\n<p>Ela se faz algumas perguntas e diz mais: \u201c\u00c9 poss\u00edvel existir sem que algu\u00e9m te obrigue a existir? \u00c9 poss\u00edvel existir sem que algu\u00e9m ou algo determine a sua exist\u00eancia? Sim. Sinto que a partir daquele momento passei a ter ag\u00eancia sobre o meu corpo, minha subjetividade, meu destino. E definitivamente vou carregar essa sensa\u00e7\u00e3o pro resto da minha vida\u201d.<\/p>\n<p>Engajada nas ocupa\u00e7\u00f5es, a Alicia se conheceu ainda mais e aprendeu na pr\u00e1tica o que \u00e9 autonomia. As ocupa\u00e7\u00f5es foram um chamado para os jovens encararem com lupa e coragem as suas realidades, suas hist\u00f3rias, suas for\u00e7as.<\/p>\n<p>Falei com um outro amigo, o Charles Miller, estudante de Engenharia Ambiental e volunt\u00e1rio do Ecomuseu de Pacoti, no Cear\u00e1, porque ele criou na sua escola, junto com colegas e educadores, um projeto chamado Jovem Explorador, por meio do qual pesquisaram informa\u00e7\u00f5es hist\u00f3ricas, culturais e da diversidade natural da sua cidade. Eles se transformaram em lupas para reaprender o pr\u00f3prio territ\u00f3rio.<\/p>\n<p>Descobriram tantas informa\u00e7\u00f5es novas que chegaram a criar um ecomuseu para compartilhar tudo o que aprenderam. \u201cUma das coisas que mais me impactou em participar desse projeto, que \u00e9 um divisor de \u00e1guas nas nossas vidas, foi enxergar que a gente tem potencial para transformar o mundo a partir do lugar onde a gente est\u00e1\u201d, me contou o Charles.<\/p>\n<p>\u201cAnde sempre com uma lupa\u201d \u00e9 a mesma coisa que dizer: que seus sentidos ajam como lupas para que voc\u00ea seja surpreendido por possibilidades que s\u00f3 quem se atreve a chegar bem perto consegue se dar conta.<\/p>\n                <\/div>\n            <\/div>\n        <\/div>\n    <\/div>\n<\/section>\t\t\t\t<\/div>\n\t\t\t\t<\/div>\n\t\t\t\t<div class=\"elementor-element elementor-element-4f3eee9 elementor-widget elementor-widget-bloque-autor\" data-id=\"4f3eee9\" data-element_type=\"widget\" data-widget_type=\"bloque-autor.default\">\n\t\t\t\t<div class=\"elementor-widget-container\">\n\t\t\t\t\t\n<section class=\"bloque bloque-autor  \">\n    <div class=\"container\">\n        <div class=\"row\">\n            <div class=\"col-12 col-lg-8 offset-lg-3\">\n                <div class=\"datos d-flex align-items-center\" data-aos=\"fade\" data-aos-delay=\"600\" data-aos-duration=\"800\">\n                    <div class=\"imagen\" ><img decoding=\"async\" src=\"https:\/\/oji.fundacion-sm.org\/wp-content\/uploads\/sites\/4\/2021\/04\/OJI-logo.png\" class=\"img-fluid\" alt=\"Logo del Observatorio de la Juventud en Iberoam\u00e9rica (OJI)\"><\/div>\n                    <div class=\"datos-content\">\n                        <p class=\"subtitulos\">Andr\u00e9 Gravat\u00e1<\/p>\n                                                                    <\/div>\n                <\/div>\n            <\/div>\n        <\/div>\n    <\/div>\n<\/section>\t\t\t\t<\/div>\n\t\t\t\t<\/div>\n\t\t\t\t<div class=\"elementor-element elementor-element-719a0731 elementor-widget elementor-widget-bloque-blog\" data-id=\"719a0731\" data-element_type=\"widget\" data-widget_type=\"bloque-blog.default\">\n\t\t\t\t<div class=\"elementor-widget-container\">\n\t\t\t\t\t<!-- Bloque Blog -->\n<div class=\"container\">\n    <div class=\"row titulo-con-enlace\">\n        <div class=\"col-12\">\n            <h2 class=\"titulos\" data-aos=\"fade-left\" data-aos-duration=\"700\">Voc\u00ea pode gostar...<\/h2>                        <a href=\"https:\/\/oji.fundacion-sm.org\/pt-br\/decifrando-a-juventude\/\" data-aos=\"fade-right\" data-aos-duration=\"700\" class=\"enlace btn-arrow\" title=\"Ver mais\"><span>Ver mais<\/span><\/a>\n                    <\/div>\n    <\/div>\n<\/div>\n\n        <section class=\"bloque bloque-blog-listado  diseno-descifrando\">\n            <div class=\"container\">\n                <div class=\"row justify-content-center\">\n                    <div class=\"col-12 col-lg-10\">\n                        <ul class=\"listado row g-4 g-lg-5 ultimas\">                                       \n                            <li class=\"col-12 col-sm-6 d-flex align-items-stretch\" data-aos=\"fade-up\" data-aos-delay=\"200\" data-aos-duration=\"700\">\n        <a class=\"noticia \" href=\"https:\/\/oji.fundacion-sm.org\/pt-br\/decifrando-a-juventude\/integracao-social-pt-br\/ande-sempre-com-uma-lupa\/\">\n    <div class=\"datos\">\n        <div class=\"categoria\">Integra\u00e7\u00e3o social<\/div>\n        <div class=\"fecha\">29 abril 2022<\/div>\n        <h3 class=\"subtitulos\">Ande sempre com uma lupa<\/h3>\n    <\/div>\n    <div class=\"image\">\n        <img fetchpriority=\"high\" decoding=\"async\" width=\"890\" height=\"560\" src=\"https:\/\/oji.fundacion-sm.org\/wp-content\/uploads\/sites\/4\/2023\/11\/pexels-andrea-piacquadio-3771107-scaled-1-890x560.jpg\" class=\"img-fluid wp-post-image\" alt=\"Ande sempre com uma lupa\" \/>    <\/div>\n<\/a>    <\/li>\n                            <li class=\"col-12 col-sm-6 d-flex align-items-stretch\" data-aos=\"fade-up\" data-aos-delay=\"500\" data-aos-duration=\"700\">\n        <a class=\"noticia \" href=\"https:\/\/oji.fundacion-sm.org\/pt-br\/decifrando-a-juventude\/espiritualidade-pt-br\/juventudes-religiao-e-politica-o-que-ha-de-novo-no-brasil-do-seculo-xxi\/\">\n    <div class=\"datos\">\n        <div class=\"categoria\">Espiritualidade<\/div>\n        <div class=\"fecha\">30 julho 2020<\/div>\n        <h3 class=\"subtitulos\">Juventudes, religi\u00e3o e pol\u00edtica: o que h\u00e1 de novo no Brasil do s\u00e9culo XXI?<\/h3>\n    <\/div>\n    <div class=\"image\">\n        <img decoding=\"async\" width=\"890\" height=\"560\" src=\"https:\/\/oji.fundacion-sm.org\/wp-content\/uploads\/sites\/4\/2023\/11\/6575760991_729673dc8e_c-890x560.jpg\" class=\"img-fluid wp-post-image\" alt=\"Juventudes, religi\u00e3o e pol\u00edtica: o que h\u00e1 de novo no Brasil do s\u00e9culo XXI?\" \/>    <\/div>\n<\/a>    <\/li>\n                        <\/ul>\n            <\/div>\n        <\/div>\n            <\/div>\n<\/section>\n\t\t\t\t<\/div>\n\t\t\t\t<\/div>\n\t\t\t\t<div class=\"elementor-element elementor-element-49849fe elementor-widget elementor-widget-bloque-videos\" data-id=\"49849fe\" data-element_type=\"widget\" data-widget_type=\"bloque-videos.default\">\n\t\t\t\t<div class=\"elementor-widget-container\">\n\t\t\t\t\t<!-- Videos -->\n<section class=\"bloque bloque-videos-listado diseno-video \">\n    <div class=\"container \">\n        <div class=\"row titulo-con-enlace\">\n            <div class=\"col-12\">\n                <h2 class=\"titulos\" data-aos=\"fade-left\" data-aos-duration=\"700\">Videoteca<\/h2>                                <a href=\"https:\/\/oji.fundacion-sm.org\/pt-br\/biblioteca-de-videos\/\" data-aos=\"fade-right\" data-aos-duration=\"700\" class=\"enlace btn-arrow\" title=\"Ver mais\"><span>Ver mais<\/span><\/a>\n                            <\/div>\n        <\/div>\n    <div class=\"background\">\n                <div class=\"row justify-content-center gy-4 gy-lg-5\">\n                <div class=\"col-12 col-lg-10\">\n                    <div class=\"listado row g-4 g-lg-5\">\n                                                    <div class=\"col-12 col-sm-4 d-flex align-items-stretch\" data-aos=\"fade-up\" data-aos-delay=\"200\" data-aos-duration=\"700\">\n                                <a class=\"noticia \" href=\"https:\/\/oji.fundacion-sm.org\/pt-br\/biblioteca-de-videos\/virada-educacao-encontros-no-territorio-educador\/\">\n    <div class=\"image\">\n                <img decoding=\"async\" src=\"https:\/\/img.youtube.com\/vi\/bn_kvwpou1o\/maxresdefault.jpg\" class=\"img-fluid\" alt=\"Fotograf\u00eda ilustrativa del video: Virada Educa\u00e7\u00e3o \u2013 Encontros no territ\u00f3rio educador\" \/>\n    <\/div>\n    <div class=\"datos\">\n                <h3 class=\"subtitulos\">Virada Educa\u00e7\u00e3o \u2013 Encontros no territ\u00f3rio educador<\/h3>\n    <\/div>\n<\/a>                                <\/div>\n                                                            <div class=\"col-12 col-sm-4 d-flex align-items-stretch\" data-aos=\"fade-up\" data-aos-delay=\"500\" data-aos-duration=\"700\">\n                                <a class=\"noticia \" href=\"https:\/\/oji.fundacion-sm.org\/pt-br\/biblioteca-de-videos\/bastidores-em-cena\/\">\n    <div class=\"image\">\n                <img decoding=\"async\" src=\"https:\/\/img.youtube.com\/vi\/B61By7qecKE\/maxresdefault.jpg\" class=\"img-fluid\" alt=\"Fotograf\u00eda ilustrativa del video: Bastidores em cena &#8211; Oficina de Forma\u00e7\u00e3o Audiovisual\" \/>\n    <\/div>\n    <div class=\"datos\">\n                <h3 class=\"subtitulos\">Bastidores em cena &#8211; Oficina de Forma\u00e7\u00e3o Audiovisual<\/h3>\n    <\/div>\n<\/a>                                <\/div>\n                                                <\/div>\n                <\/div>\n            <\/div>\n        <\/div>\n    <\/div>\n<\/section>\t\t\t\t<\/div>\n\t\t\t\t<\/div>\n\t\t\t\t\t<\/div>\n\t\t<\/div>\n\t\t\t\t\t<\/div>\n\t\t<\/section>\n\t\t\t\t<\/div>\n\t\t","protected":false},"excerpt":{"rendered":"<p>Muitos s\u00e3o os sentidos para a palavra \u201ccuidar\u201d. Aprendi com um amigo, o educador Bruninho Souza, em uma conversa no podcast \u201cPara onde vamos\u201d, que \u201ccuidar est\u00e1 muito relacionado a colocar uma lupa sobre o que aconteceu, sobre o que est\u00e1 acontecendo agora e como a gente pode, coletivamente, intervir nesse cen\u00e1rio, nessas atitudes\u201d. Como [&hellip;]<\/p>\n","protected":false},"author":1,"featured_media":3525,"comment_status":"closed","ping_status":"closed","sticky":false,"template":"","format":"standard","meta":{"_acf_changed":false,"footnotes":""},"categories":[78,43,14,80,79,44],"tags":[],"class_list":["post-3524","post","type-post","status-publish","format-standard","has-post-thumbnail","hentry","category-brasil-pt-br","category-coexistencia-pt-br","category-decifrando-a-juventude","category-formacao-pt-br","category-integracao-social-pt-br","category-valores-pt-br"],"acf":[],"yoast_head":"<!-- This site is optimized with the Yoast SEO plugin v26.7 - https:\/\/yoast.com\/wordpress\/plugins\/seo\/ -->\n<title>Ande sempre com uma lupa - Observat\u00f3rio da Juventude na Ibero-Am\u00e9rica (OJI)<\/title>\n<meta name=\"description\" content=\"Muitos s\u00e3o os sentidos para a palavra \u201ccuidar\u201d. Aprendi com um amigo, o educador Bruninho Souza, em uma conversa no podcast \u201cPara onde vamos\u201d, que \u201ccuidar\" \/>\n<meta name=\"robots\" content=\"index, follow, max-snippet:-1, max-image-preview:large, max-video-preview:-1\" \/>\n<link rel=\"canonical\" href=\"https:\/\/oji.fundacion-sm.org\/pt-br\/decifrando-a-juventude\/integracao-social-pt-br\/ande-sempre-com-uma-lupa\/\" \/>\n<meta property=\"og:locale\" content=\"pt_BR\" \/>\n<meta property=\"og:type\" content=\"article\" \/>\n<meta property=\"og:title\" content=\"Ande sempre com uma lupa - Observat\u00f3rio da Juventude na Ibero-Am\u00e9rica (OJI)\" \/>\n<meta property=\"og:description\" content=\"Muitos s\u00e3o os sentidos para a palavra \u201ccuidar\u201d. Aprendi com um amigo, o educador Bruninho Souza, em uma conversa no podcast \u201cPara onde vamos\u201d, que \u201ccuidar\" \/>\n<meta property=\"og:url\" content=\"https:\/\/oji.fundacion-sm.org\/pt-br\/decifrando-a-juventude\/integracao-social-pt-br\/ande-sempre-com-uma-lupa\/\" \/>\n<meta property=\"og:site_name\" content=\"Observat\u00f3rio da Juventude na Ibero-Am\u00e9rica (OJI)\" \/>\n<meta property=\"article:published_time\" content=\"2022-04-29T11:45:00+00:00\" \/>\n<meta property=\"article:modified_time\" content=\"2023-11-02T11:54:51+00:00\" \/>\n<meta property=\"og:image\" content=\"https:\/\/oji.fundacion-sm.org\/wp-content\/uploads\/sites\/4\/2023\/11\/pexels-andrea-piacquadio-3771107-scaled-1.jpg\" \/>\n\t<meta property=\"og:image:width\" content=\"2560\" \/>\n\t<meta property=\"og:image:height\" content=\"1707\" \/>\n\t<meta property=\"og:image:type\" content=\"image\/jpeg\" \/>\n<meta name=\"author\" content=\"Ra\u00fal Rockin&#039;Pixels\" \/>\n<meta name=\"twitter:card\" content=\"summary_large_image\" \/>\n<script type=\"application\/ld+json\" class=\"yoast-schema-graph\">{\"@context\":\"https:\/\/schema.org\",\"@graph\":[{\"@type\":\"Article\",\"@id\":\"https:\/\/oji.fundacion-sm.org\/pt-br\/decifrando-a-juventude\/integracao-social-pt-br\/ande-sempre-com-uma-lupa\/#article\",\"isPartOf\":{\"@id\":\"https:\/\/oji.fundacion-sm.org\/pt-br\/decifrando-a-juventude\/integracao-social-pt-br\/ande-sempre-com-uma-lupa\/\"},\"author\":{\"name\":\"Ra\u00fal Rockin'Pixels\",\"@id\":\"https:\/\/oji.fundacion-sm.org\/pt-br\/#\/schema\/person\/5cb836679a0b57d05045a0d9f8f3116b\"},\"headline\":\"Ande sempre com uma lupa\",\"datePublished\":\"2022-04-29T11:45:00+00:00\",\"dateModified\":\"2023-11-02T11:54:51+00:00\",\"mainEntityOfPage\":{\"@id\":\"https:\/\/oji.fundacion-sm.org\/pt-br\/decifrando-a-juventude\/integracao-social-pt-br\/ande-sempre-com-uma-lupa\/\"},\"wordCount\":676,\"publisher\":{\"@id\":\"https:\/\/oji.fundacion-sm.org\/pt-br\/#organization\"},\"image\":{\"@id\":\"https:\/\/oji.fundacion-sm.org\/pt-br\/decifrando-a-juventude\/integracao-social-pt-br\/ande-sempre-com-uma-lupa\/#primaryimage\"},\"thumbnailUrl\":\"https:\/\/oji.fundacion-sm.org\/wp-content\/uploads\/sites\/4\/2023\/11\/pexels-andrea-piacquadio-3771107-scaled-1.jpg\",\"articleSection\":[\"Brasil\",\"Coexist\u00eancia\",\"Decifrando a juventude\",\"Forma\u00e7\u00e3o\",\"Integra\u00e7\u00e3o social\",\"Valores\"],\"inLanguage\":\"pt-BR\"},{\"@type\":\"WebPage\",\"@id\":\"https:\/\/oji.fundacion-sm.org\/pt-br\/decifrando-a-juventude\/integracao-social-pt-br\/ande-sempre-com-uma-lupa\/\",\"url\":\"https:\/\/oji.fundacion-sm.org\/pt-br\/decifrando-a-juventude\/integracao-social-pt-br\/ande-sempre-com-uma-lupa\/\",\"name\":\"Ande sempre com uma lupa - Observat\u00f3rio da Juventude na Ibero-Am\u00e9rica (OJI)\",\"isPartOf\":{\"@id\":\"https:\/\/oji.fundacion-sm.org\/pt-br\/#website\"},\"primaryImageOfPage\":{\"@id\":\"https:\/\/oji.fundacion-sm.org\/pt-br\/decifrando-a-juventude\/integracao-social-pt-br\/ande-sempre-com-uma-lupa\/#primaryimage\"},\"image\":{\"@id\":\"https:\/\/oji.fundacion-sm.org\/pt-br\/decifrando-a-juventude\/integracao-social-pt-br\/ande-sempre-com-uma-lupa\/#primaryimage\"},\"thumbnailUrl\":\"https:\/\/oji.fundacion-sm.org\/wp-content\/uploads\/sites\/4\/2023\/11\/pexels-andrea-piacquadio-3771107-scaled-1.jpg\",\"datePublished\":\"2022-04-29T11:45:00+00:00\",\"dateModified\":\"2023-11-02T11:54:51+00:00\",\"description\":\"Muitos s\u00e3o os sentidos para a palavra \u201ccuidar\u201d. Aprendi com um amigo, o educador Bruninho Souza, em uma conversa no podcast \u201cPara onde vamos\u201d, que \u201ccuidar\",\"breadcrumb\":{\"@id\":\"https:\/\/oji.fundacion-sm.org\/pt-br\/decifrando-a-juventude\/integracao-social-pt-br\/ande-sempre-com-uma-lupa\/#breadcrumb\"},\"inLanguage\":\"pt-BR\",\"potentialAction\":[{\"@type\":\"ReadAction\",\"target\":[\"https:\/\/oji.fundacion-sm.org\/pt-br\/decifrando-a-juventude\/integracao-social-pt-br\/ande-sempre-com-uma-lupa\/\"]}]},{\"@type\":\"ImageObject\",\"inLanguage\":\"pt-BR\",\"@id\":\"https:\/\/oji.fundacion-sm.org\/pt-br\/decifrando-a-juventude\/integracao-social-pt-br\/ande-sempre-com-uma-lupa\/#primaryimage\",\"url\":\"https:\/\/oji.fundacion-sm.org\/wp-content\/uploads\/sites\/4\/2023\/11\/pexels-andrea-piacquadio-3771107-scaled-1.jpg\",\"contentUrl\":\"https:\/\/oji.fundacion-sm.org\/wp-content\/uploads\/sites\/4\/2023\/11\/pexels-andrea-piacquadio-3771107-scaled-1.jpg\",\"width\":2560,\"height\":1707,\"caption\":\"Ande sempre com uma lupa\"},{\"@type\":\"BreadcrumbList\",\"@id\":\"https:\/\/oji.fundacion-sm.org\/pt-br\/decifrando-a-juventude\/integracao-social-pt-br\/ande-sempre-com-uma-lupa\/#breadcrumb\",\"itemListElement\":[{\"@type\":\"ListItem\",\"position\":1,\"name\":\"Home\",\"item\":\"https:\/\/oji.fundacion-sm.org\/pt-br\/\"},{\"@type\":\"ListItem\",\"position\":2,\"name\":\"Decifrando a juventude\",\"item\":\"https:\/\/oji.fundacion-sm.org\/pt-br\/decifrando-a-juventude\/\"},{\"@type\":\"ListItem\",\"position\":3,\"name\":\"Integra\u00e7\u00e3o social\",\"item\":\"https:\/\/oji.fundacion-sm.org\/pt-br\/decifrando-a-juventude\/integracao-social-pt-br\/\"},{\"@type\":\"ListItem\",\"position\":4,\"name\":\"Ande sempre com uma lupa\"}]},{\"@type\":\"WebSite\",\"@id\":\"https:\/\/oji.fundacion-sm.org\/pt-br\/#website\",\"url\":\"https:\/\/oji.fundacion-sm.org\/pt-br\/\",\"name\":\"Observat\u00f3rio da Juventude na Ibero-Am\u00e9rica (OJI)\",\"description\":\"Somos un programa de la Fundaci\u00f3n SM con vocaci\u00f3n de agrupar conocimiento, ser un lugar de referencia y servir de nexo de uni\u00f3n entre distintos observatorios y estudios sobre juventud e Iberoam\u00e9rica.\",\"publisher\":{\"@id\":\"https:\/\/oji.fundacion-sm.org\/pt-br\/#organization\"},\"potentialAction\":[{\"@type\":\"SearchAction\",\"target\":{\"@type\":\"EntryPoint\",\"urlTemplate\":\"https:\/\/oji.fundacion-sm.org\/pt-br\/?s={search_term_string}\"},\"query-input\":{\"@type\":\"PropertyValueSpecification\",\"valueRequired\":true,\"valueName\":\"search_term_string\"}}],\"inLanguage\":\"pt-BR\"},{\"@type\":\"Organization\",\"@id\":\"https:\/\/oji.fundacion-sm.org\/pt-br\/#organization\",\"name\":\"Fundaci\u00f3n SM\",\"url\":\"https:\/\/oji.fundacion-sm.org\/pt-br\/\",\"logo\":{\"@type\":\"ImageObject\",\"inLanguage\":\"pt-BR\",\"@id\":\"https:\/\/oji.fundacion-sm.org\/pt-br\/#\/schema\/logo\/image\/\",\"url\":\"https:\/\/oji.fundacion-sm.org\/wp-content\/uploads\/sites\/4\/2023\/10\/logotipo-fundacion-sm.png\",\"contentUrl\":\"https:\/\/oji.fundacion-sm.org\/wp-content\/uploads\/sites\/4\/2023\/10\/logotipo-fundacion-sm.png\",\"width\":447,\"height\":85,\"caption\":\"Fundaci\u00f3n SM\"},\"image\":{\"@id\":\"https:\/\/oji.fundacion-sm.org\/pt-br\/#\/schema\/logo\/image\/\"}},{\"@type\":\"Person\",\"@id\":\"https:\/\/oji.fundacion-sm.org\/pt-br\/#\/schema\/person\/5cb836679a0b57d05045a0d9f8f3116b\",\"name\":\"Ra\u00fal Rockin'Pixels\",\"sameAs\":[\"https:\/\/fundacion-sm.org\"]}]}<\/script>\n<!-- \/ Yoast SEO plugin. -->","yoast_head_json":{"title":"Ande sempre com uma lupa - Observat\u00f3rio da Juventude na Ibero-Am\u00e9rica (OJI)","description":"Muitos s\u00e3o os sentidos para a palavra \u201ccuidar\u201d. Aprendi com um amigo, o educador Bruninho Souza, em uma conversa no podcast \u201cPara onde vamos\u201d, que \u201ccuidar","robots":{"index":"index","follow":"follow","max-snippet":"max-snippet:-1","max-image-preview":"max-image-preview:large","max-video-preview":"max-video-preview:-1"},"canonical":"https:\/\/oji.fundacion-sm.org\/pt-br\/decifrando-a-juventude\/integracao-social-pt-br\/ande-sempre-com-uma-lupa\/","og_locale":"pt_BR","og_type":"article","og_title":"Ande sempre com uma lupa - Observat\u00f3rio da Juventude na Ibero-Am\u00e9rica (OJI)","og_description":"Muitos s\u00e3o os sentidos para a palavra \u201ccuidar\u201d. Aprendi com um amigo, o educador Bruninho Souza, em uma conversa no podcast \u201cPara onde vamos\u201d, que \u201ccuidar","og_url":"https:\/\/oji.fundacion-sm.org\/pt-br\/decifrando-a-juventude\/integracao-social-pt-br\/ande-sempre-com-uma-lupa\/","og_site_name":"Observat\u00f3rio da Juventude na Ibero-Am\u00e9rica (OJI)","article_published_time":"2022-04-29T11:45:00+00:00","article_modified_time":"2023-11-02T11:54:51+00:00","og_image":[{"width":2560,"height":1707,"url":"https:\/\/oji.fundacion-sm.org\/wp-content\/uploads\/sites\/4\/2023\/11\/pexels-andrea-piacquadio-3771107-scaled-1.jpg","type":"image\/jpeg"}],"author":"Ra\u00fal Rockin'Pixels","twitter_card":"summary_large_image","schema":{"@context":"https:\/\/schema.org","@graph":[{"@type":"Article","@id":"https:\/\/oji.fundacion-sm.org\/pt-br\/decifrando-a-juventude\/integracao-social-pt-br\/ande-sempre-com-uma-lupa\/#article","isPartOf":{"@id":"https:\/\/oji.fundacion-sm.org\/pt-br\/decifrando-a-juventude\/integracao-social-pt-br\/ande-sempre-com-uma-lupa\/"},"author":{"name":"Ra\u00fal Rockin'Pixels","@id":"https:\/\/oji.fundacion-sm.org\/pt-br\/#\/schema\/person\/5cb836679a0b57d05045a0d9f8f3116b"},"headline":"Ande sempre com uma lupa","datePublished":"2022-04-29T11:45:00+00:00","dateModified":"2023-11-02T11:54:51+00:00","mainEntityOfPage":{"@id":"https:\/\/oji.fundacion-sm.org\/pt-br\/decifrando-a-juventude\/integracao-social-pt-br\/ande-sempre-com-uma-lupa\/"},"wordCount":676,"publisher":{"@id":"https:\/\/oji.fundacion-sm.org\/pt-br\/#organization"},"image":{"@id":"https:\/\/oji.fundacion-sm.org\/pt-br\/decifrando-a-juventude\/integracao-social-pt-br\/ande-sempre-com-uma-lupa\/#primaryimage"},"thumbnailUrl":"https:\/\/oji.fundacion-sm.org\/wp-content\/uploads\/sites\/4\/2023\/11\/pexels-andrea-piacquadio-3771107-scaled-1.jpg","articleSection":["Brasil","Coexist\u00eancia","Decifrando a juventude","Forma\u00e7\u00e3o","Integra\u00e7\u00e3o social","Valores"],"inLanguage":"pt-BR"},{"@type":"WebPage","@id":"https:\/\/oji.fundacion-sm.org\/pt-br\/decifrando-a-juventude\/integracao-social-pt-br\/ande-sempre-com-uma-lupa\/","url":"https:\/\/oji.fundacion-sm.org\/pt-br\/decifrando-a-juventude\/integracao-social-pt-br\/ande-sempre-com-uma-lupa\/","name":"Ande sempre com uma lupa - Observat\u00f3rio da Juventude na Ibero-Am\u00e9rica (OJI)","isPartOf":{"@id":"https:\/\/oji.fundacion-sm.org\/pt-br\/#website"},"primaryImageOfPage":{"@id":"https:\/\/oji.fundacion-sm.org\/pt-br\/decifrando-a-juventude\/integracao-social-pt-br\/ande-sempre-com-uma-lupa\/#primaryimage"},"image":{"@id":"https:\/\/oji.fundacion-sm.org\/pt-br\/decifrando-a-juventude\/integracao-social-pt-br\/ande-sempre-com-uma-lupa\/#primaryimage"},"thumbnailUrl":"https:\/\/oji.fundacion-sm.org\/wp-content\/uploads\/sites\/4\/2023\/11\/pexels-andrea-piacquadio-3771107-scaled-1.jpg","datePublished":"2022-04-29T11:45:00+00:00","dateModified":"2023-11-02T11:54:51+00:00","description":"Muitos s\u00e3o os sentidos para a palavra \u201ccuidar\u201d. Aprendi com um amigo, o educador Bruninho Souza, em uma conversa no podcast \u201cPara onde vamos\u201d, que \u201ccuidar","breadcrumb":{"@id":"https:\/\/oji.fundacion-sm.org\/pt-br\/decifrando-a-juventude\/integracao-social-pt-br\/ande-sempre-com-uma-lupa\/#breadcrumb"},"inLanguage":"pt-BR","potentialAction":[{"@type":"ReadAction","target":["https:\/\/oji.fundacion-sm.org\/pt-br\/decifrando-a-juventude\/integracao-social-pt-br\/ande-sempre-com-uma-lupa\/"]}]},{"@type":"ImageObject","inLanguage":"pt-BR","@id":"https:\/\/oji.fundacion-sm.org\/pt-br\/decifrando-a-juventude\/integracao-social-pt-br\/ande-sempre-com-uma-lupa\/#primaryimage","url":"https:\/\/oji.fundacion-sm.org\/wp-content\/uploads\/sites\/4\/2023\/11\/pexels-andrea-piacquadio-3771107-scaled-1.jpg","contentUrl":"https:\/\/oji.fundacion-sm.org\/wp-content\/uploads\/sites\/4\/2023\/11\/pexels-andrea-piacquadio-3771107-scaled-1.jpg","width":2560,"height":1707,"caption":"Ande sempre com uma lupa"},{"@type":"BreadcrumbList","@id":"https:\/\/oji.fundacion-sm.org\/pt-br\/decifrando-a-juventude\/integracao-social-pt-br\/ande-sempre-com-uma-lupa\/#breadcrumb","itemListElement":[{"@type":"ListItem","position":1,"name":"Home","item":"https:\/\/oji.fundacion-sm.org\/pt-br\/"},{"@type":"ListItem","position":2,"name":"Decifrando a juventude","item":"https:\/\/oji.fundacion-sm.org\/pt-br\/decifrando-a-juventude\/"},{"@type":"ListItem","position":3,"name":"Integra\u00e7\u00e3o social","item":"https:\/\/oji.fundacion-sm.org\/pt-br\/decifrando-a-juventude\/integracao-social-pt-br\/"},{"@type":"ListItem","position":4,"name":"Ande sempre com uma lupa"}]},{"@type":"WebSite","@id":"https:\/\/oji.fundacion-sm.org\/pt-br\/#website","url":"https:\/\/oji.fundacion-sm.org\/pt-br\/","name":"Observat\u00f3rio da Juventude na Ibero-Am\u00e9rica (OJI)","description":"Somos un programa de la Fundaci\u00f3n SM con vocaci\u00f3n de agrupar conocimiento, ser un lugar de referencia y servir de nexo de uni\u00f3n entre distintos observatorios y estudios sobre juventud e Iberoam\u00e9rica.","publisher":{"@id":"https:\/\/oji.fundacion-sm.org\/pt-br\/#organization"},"potentialAction":[{"@type":"SearchAction","target":{"@type":"EntryPoint","urlTemplate":"https:\/\/oji.fundacion-sm.org\/pt-br\/?s={search_term_string}"},"query-input":{"@type":"PropertyValueSpecification","valueRequired":true,"valueName":"search_term_string"}}],"inLanguage":"pt-BR"},{"@type":"Organization","@id":"https:\/\/oji.fundacion-sm.org\/pt-br\/#organization","name":"Fundaci\u00f3n SM","url":"https:\/\/oji.fundacion-sm.org\/pt-br\/","logo":{"@type":"ImageObject","inLanguage":"pt-BR","@id":"https:\/\/oji.fundacion-sm.org\/pt-br\/#\/schema\/logo\/image\/","url":"https:\/\/oji.fundacion-sm.org\/wp-content\/uploads\/sites\/4\/2023\/10\/logotipo-fundacion-sm.png","contentUrl":"https:\/\/oji.fundacion-sm.org\/wp-content\/uploads\/sites\/4\/2023\/10\/logotipo-fundacion-sm.png","width":447,"height":85,"caption":"Fundaci\u00f3n SM"},"image":{"@id":"https:\/\/oji.fundacion-sm.org\/pt-br\/#\/schema\/logo\/image\/"}},{"@type":"Person","@id":"https:\/\/oji.fundacion-sm.org\/pt-br\/#\/schema\/person\/5cb836679a0b57d05045a0d9f8f3116b","name":"Ra\u00fal Rockin'Pixels","sameAs":["https:\/\/fundacion-sm.org"]}]}},"_links":{"self":[{"href":"https:\/\/oji.fundacion-sm.org\/pt-br\/wp-json\/wp\/v2\/posts\/3524","targetHints":{"allow":["GET"]}}],"collection":[{"href":"https:\/\/oji.fundacion-sm.org\/pt-br\/wp-json\/wp\/v2\/posts"}],"about":[{"href":"https:\/\/oji.fundacion-sm.org\/pt-br\/wp-json\/wp\/v2\/types\/post"}],"author":[{"embeddable":true,"href":"https:\/\/oji.fundacion-sm.org\/pt-br\/wp-json\/wp\/v2\/users\/1"}],"replies":[{"embeddable":true,"href":"https:\/\/oji.fundacion-sm.org\/pt-br\/wp-json\/wp\/v2\/comments?post=3524"}],"version-history":[{"count":8,"href":"https:\/\/oji.fundacion-sm.org\/pt-br\/wp-json\/wp\/v2\/posts\/3524\/revisions"}],"predecessor-version":[{"id":3535,"href":"https:\/\/oji.fundacion-sm.org\/pt-br\/wp-json\/wp\/v2\/posts\/3524\/revisions\/3535"}],"wp:featuredmedia":[{"embeddable":true,"href":"https:\/\/oji.fundacion-sm.org\/pt-br\/wp-json\/wp\/v2\/media\/3525"}],"wp:attachment":[{"href":"https:\/\/oji.fundacion-sm.org\/pt-br\/wp-json\/wp\/v2\/media?parent=3524"}],"wp:term":[{"taxonomy":"category","embeddable":true,"href":"https:\/\/oji.fundacion-sm.org\/pt-br\/wp-json\/wp\/v2\/categories?post=3524"},{"taxonomy":"post_tag","embeddable":true,"href":"https:\/\/oji.fundacion-sm.org\/pt-br\/wp-json\/wp\/v2\/tags?post=3524"}],"curies":[{"name":"wp","href":"https:\/\/api.w.org\/{rel}","templated":true}]}}