{"id":3571,"date":"2020-06-02T14:47:00","date_gmt":"2020-06-02T12:47:00","guid":{"rendered":"https:\/\/oji.fundacion-sm.org\/noticias\/proyecto-de-vida-y-expectativas-futuras-notas-de-una-investigacion-con-jovenes-estudiantes-de-goiania-lisboa-y-madrid\/"},"modified":"2023-11-02T14:44:13","modified_gmt":"2023-11-02T12:44:13","slug":"projeto-de-vida-e-expectativas-de-futuro-notas-de-pesquisa-com-jovens-estudantes-de-goiania-lisboa-e-madrid","status":"publish","type":"post","link":"https:\/\/oji.fundacion-sm.org\/pt-br\/decifrando-a-juventude\/expectativas-profissionais-pt-br\/projeto-de-vida-e-expectativas-de-futuro-notas-de-pesquisa-com-jovens-estudantes-de-goiania-lisboa-e-madrid\/","title":{"rendered":"Projeto de vida e expectativas de futuro: notas de pesquisa com jovens estudantes de Goi\u00e2nia, Lisboa e Madrid"},"content":{"rendered":"\t\t<div data-elementor-type=\"wp-post\" data-elementor-id=\"3571\" class=\"elementor elementor-3571 elementor-1230\" data-elementor-post-type=\"post\">\n\t\t\t\t\t\t<section class=\"elementor-section elementor-top-section elementor-element elementor-element-65ef5687 elementor-section-full_width elementor-section-height-default elementor-section-height-default\" data-id=\"65ef5687\" data-element_type=\"section\">\n\t\t\t\t\t\t<div class=\"elementor-container elementor-column-gap-default\">\n\t\t\t\t\t<div class=\"elementor-column elementor-col-100 elementor-top-column elementor-element elementor-element-71c1c7e3\" data-id=\"71c1c7e3\" data-element_type=\"column\">\n\t\t\t<div class=\"elementor-widget-wrap elementor-element-populated\">\n\t\t\t\t\t\t<div class=\"elementor-element elementor-element-92da59b elementor-widget elementor-widget-bloque-texto\" data-id=\"92da59b\" data-element_type=\"widget\" data-widget_type=\"bloque-texto.default\">\n\t\t\t\t<div class=\"elementor-widget-container\">\n\t\t\t\t\t<!-- Texto -->\n<section class=\"bloque bloque-texto  \">\n    <div class=\"container\">\n                <div class=\"row\">\n            <div class=\"col-12 col-lg-8 offset-lg-3\">\n                <div class=\"the_content\" data-aos=\"fade-up\" data-aos-duration=\"700\">\n                                            <div class=\"subtitulos\" data-aos=\"fade-left\" data-aos-duration=\"700\"><p>A Juventude \u00e9 uma categoria social sobre a qual pairam idealiza\u00e7\u00f5es e distor\u00e7\u00f5es. Talvez ambos os substantivos dialoguem entre si, j\u00e1 que idealizar tamb\u00e9m \u00e9 uma forma de distorcer.<\/p><\/div>\n                                        <p>Se a cultura responde por um conjunto de modos de viver e pensar cultivados coletivamente, o que estaria associado tanto \u00e0 forma\u00e7\u00e3o dos sujeitos quanto a sua inser\u00e7\u00e3o na vida em comunidade \u2013 no ambiente social e hist\u00f3rico no qual se inscrevem \u2013, podemos supor que tanto as idealiza\u00e7\u00f5es quanto as distor\u00e7\u00f5es referentes \u00e0 condi\u00e7\u00e3o juvenil est\u00e3o relacionadas \u00e0s formas como os distintos grupos sociais compreendem o \u201cestilo de vida\u201d dessa fra\u00e7\u00e3o populacional que se conecta tanto por marcadores como condi\u00e7\u00e3o de classe, franja de idade, g\u00eanero e etnia, quanto por suas formas singulares de conceber a transi\u00e7\u00e3o dos ciclos de vida.<\/p>\n<p>Pensando a cultura e seu consequente impacto nos projetos de vida de jovens estudantes secundaristas, desembarquei, em 2016, na Universidade de Lisboa, aos cuidados do professor Jos\u00e9 Machado Pais, a fim de realizar meus estudos p\u00f3s-doutorais. Ao longo de dois semestres, estive dedicada a esse projeto, cujo processo e resultados compartilho aqui, em breves linhas, embora os dados possam tamb\u00e9m ser consultados em minha mais recente obra, j\u00e1 em segunda edi\u00e7\u00e3o, <em>Cartografias da condi\u00e7\u00e3o juvenil<\/em>.<\/p>\n<p>O est\u00e1gio p\u00f3s-doutoral deu-se a partir de uma pesquisa, de vi\u00e9s etnogr\u00e1fico multilocal, modalidade amplamente discutida pelo pesquisador\/antrop\u00f3logo estadunidense George Marcus, com jovens estudantes de Goi\u00e2nia, Lisboa e Madrid. Primeiramente, vale comentar que o estudo envolveu a realiza\u00e7\u00e3o de dif\u00edceis contatos com as institui\u00e7\u00f5es de ensino de Portugal e da Espanha, que avaliamos ser em fun\u00e7\u00e3o de fatores m\u00faltiplos como o excesso de demandas das escolas, o que viria a gerar um aparente desinteresse em atender a pesquisadores, e at\u00e9 uma debilidade na rede de rela\u00e7\u00f5es acad\u00eamicas nestes dois pa\u00edses (de minha parte), o que demandou um tempo estendido nos \u201ccontatos iniciais\u201d com as escolas e, consequentemente, uma diminui\u00e7\u00e3o no tempo de trabalho com os jovens.<\/p>\n<p>O trabalho de campo ocorreu no primeiro semestre de 2017 e, no que se refere aos resultados, ao investigar os aspectos que envolvem o projeto de vida e as expectativas de futuro de jovens das classes populares destes tr\u00eas pa\u00edses,<strong> identificamos, inicialmente, que a condi\u00e7\u00e3o de classe \u00e9 um fator relevante<\/strong>, j\u00e1 que a escassez de ordem econ\u00f4mico-financeira e cultural e uma consequente vulnerabilidade sustentada pela insufici\u00eancia das pol\u00edticas p\u00fablicas, em seus respectivos pa\u00edses (embora com maior \u00eanfase no Brasil), foram citadas como desafios que envolvem a constru\u00e7\u00e3o de um horizonte desejado.<\/p>\n<p>Frases como \u201cEstou poupando para pagar os estudos\u201d (Portugal); \u201cPreciso trabalhar (\u2026) \u00e9 triste pensar que n\u00e3o vou fazer o curso que desejo\u201d (Espanha) ; \u201cOs baixos investimentos do governo [em educa\u00e7\u00e3o] desanimam\u201d (Brasil), <strong>chamam a aten\u00e7\u00e3o por revelar a ideia de um longo e complexo percurso entre a escolariza\u00e7\u00e3o b\u00e1sica, o acesso ao ensino superior e ao trabalho qualificado,<\/strong> aspectos que comp\u00f5em o projeto de vida dos jovens pesquisados.<\/p>\n                <\/div>\n            <\/div>\n        <\/div>\n    <\/div>\n<\/section>\t\t\t\t<\/div>\n\t\t\t\t<\/div>\n\t\t\t\t<div class=\"elementor-element elementor-element-c0de4ea elementor-widget elementor-widget-bloque-imagen-centrada\" data-id=\"c0de4ea\" data-element_type=\"widget\" data-widget_type=\"bloque-imagen-centrada.default\">\n\t\t\t\t<div class=\"elementor-widget-container\">\n\t\t\t\t\t<!-- Bloque contenidos: Imagen bloque-imagen-centrada -->\n<section class=\"bloque bloque-titulos mb-0\" data-aos=\"fade-right\" data-aos-delay=\"800\" data-aos-duration=\"1200\">\n        <div class=\"container\">\n                    <\/div>\n<\/section>\n<section class=\"bloque bloqueiahimdbanx bloque-imagen-centrada  \" data-aos=\"fade-right\" data-aos-delay=\"800\" data-aos-duration=\"1200\">\n    <div class=\"container\">\n                    <div class=\"row justify-content-center\">\n                <div class=\"col-12 col-lg-10\">\n                    <figure class=\"figure imagen2 imagen-centrada\">\n                        <div class=\"image\">\n                                                        <img decoding=\"async\" src=\"https:\/\/oji.fundacion-sm.org\/wp-content\/uploads\/sites\/4\/2023\/10\/anishia-davis-876169.jpg\" class=\"figure-img img-fluid \" alt=\"\">\n                                                        <\/a>\n                            \n                                                    <\/div>\n                    <\/figure>\n                <\/div>\n            <\/div>\n        <\/div>\n    <\/section>\t\t\t\t<\/div>\n\t\t\t\t<\/div>\n\t\t\t\t<div class=\"elementor-element elementor-element-fdb21b3 elementor-widget elementor-widget-bloque-texto\" data-id=\"fdb21b3\" data-element_type=\"widget\" data-widget_type=\"bloque-texto.default\">\n\t\t\t\t<div class=\"elementor-widget-container\">\n\t\t\t\t\t<!-- Texto -->\n<section class=\"bloque bloque-texto  \">\n    <div class=\"container\">\n                <div class=\"row\">\n            <div class=\"col-12 col-lg-8 offset-lg-3\">\n                <div class=\"the_content\" data-aos=\"fade-up\" data-aos-duration=\"700\">\n                                        <p>Neste sentido, observamos haver elementos cruciais no universo dos jovens estudantes, associando condi\u00e7\u00e3o de classe e projetos futuros, tal como apontam pesquisadores das Ci\u00eancias Sociais e Humanas. Isso nos parece ponto pac\u00edfico, mas, como nos orienta Dubet (2014), se o impacto das quest\u00f5es econ\u00f4micas e suas consequ\u00eancias pol\u00edticas e sociais revelam fissuras no mito da evolu\u00e7\u00e3o social harmoniosa, cabe buscar transpor o modelo cl\u00e1ssico de an\u00e1lise da conjuntura social, na qual o reconhecimento da import\u00e2ncia dada \u00e0 experi\u00eancia, ao vivido, viria a representar um novo modo de composi\u00e7\u00e3o da realidade cujos sentidos e significados agregados lhe confeririam uma singular validade.\u00a0<\/p>\n<p>Embora a ampla maioria dos jovens pesquisados (acima de 80% nos tr\u00eas pa\u00edses) tenha respondido afirmativamente quanto a ter um projeto de vida de m\u00e9dio e longo prazos, nos aspectos que comp\u00f5em esse horizonte vislumbrado encontramos distin\u00e7\u00f5es e similaridades: jovens portugueses almejam \u201cviver\/estudar em outro pa\u00eds\u201d; \u201centrar na universidade\u201d; \u201cconseguir trabalho est\u00e1vel\u201d; \u201cencontrar algu\u00e9m\u201d e \u201cbuscar independ\u00eancia\u201d. Jovens espanh\u00f3is esperam \u201centrar na universidade\u201d; \u201cestudar e trabalhar no que gosto\u201d; \u201cformar um par est\u00e1vel\u201d; \u201cter um trabalho est\u00e1vel\u201d e \u201ctrabalhar e sair de casa\u201d. Por sua vez, os jovens brasileiros almejam \u201centrar na universidade\u201d; \u201ctentar a carreira nas for\u00e7as armadas\u201d; \u201cformar [ensino superior] e ter um emprego est\u00e1vel\u201d e \u201cconseguir me sustentar\u201d.<\/p>\n<p>Se, de acordo com Simmel (2006), a leitura de um universo micro pode ser reveladora de configura\u00e7\u00f5es e demandas em n\u00edvel macro, os estudos de caso \u2013 nesta pesquisa em modalidade multicultural \u2013 nos permitem compreender l\u00f3gicas de atua\u00e7\u00e3o dos jovens que possam vir a transpor o universo investigado. Entre elas, observamos a <strong>adapta\u00e7\u00e3o<\/strong> (quando atendem ao que denominam \u201cdestino natural\u201d, envolvendo aspectos como a forma\u00e7\u00e3o de uma fam\u00edlia, o trabalho precoce ou as dificuldades financeiras como realidade cotidiana); a <strong>supera\u00e7\u00e3o<\/strong> (quando informam crer que a qualifica\u00e7\u00e3o profissional lhes proporcionar\u00e1 a independ\u00eancia desejada pela via do trabalho, ainda que \u00e1rduo) e o <strong>distanciamento<\/strong> (quando revelam n\u00e3o pensar no futuro, ocupando-se das demandas di\u00e1rias que distanciam o seu complexo cotidiano da ideia do per\u00edodo de \u201cmorat\u00f3ria social\u201d, pr\u00f3prio da juventude, segundo alguns autores).<\/p>\n<p><strong>Ao longo de todo o percurso, pudemos observar que a palavra \u201cluta\u201d esteve presente nos discursos dos jovens nos distintos pa\u00edses, embora, para os jovens brasileiros, o sentido da luta pare\u00e7a ser o de uma guerra sem vencedores,<\/strong> fazendo-os crer, em certa medida, em um veto ao futuro, dada a insufici\u00eancia do Estado em prover condi\u00e7\u00f5es m\u00ednimas de gozo de direitos sociais, como a educa\u00e7\u00e3o (com valor cient\u00edfico-social agregado) e o trabalho (n\u00e3o prec\u00e1rio).<\/p>\n<p>\u00a0Avan\u00e7ando para as conclus\u00f5es, pudemos observar que a escola, importante institui\u00e7\u00e3o socializadora, parece n\u00e3o reagir \u00e0 l\u00f3gica de percep\u00e7\u00e3o das juventudes associada \u00e0 distor\u00e7\u00e3o de sua condi\u00e7\u00e3o. <strong>A experi\u00eancia da pesquisa nos levou a confirmar a ideia (consultar Castilho, 2011) de que o compromisso primordial dessas institui\u00e7\u00f5es formais de educa\u00e7\u00e3o compreende a ocupa\u00e7\u00e3o de um tempo livre das juventudes a fim de garantir uma certa \u201cordem institucional\u201d,<\/strong> o que, no limite, nos parece, para al\u00e9m do equ\u00edvoco, uma grave limita\u00e7\u00e3o dada, entre outras justificativas, tanto pelo apego a um conservadorismo est\u00e9ril, observado mais fortemente em seus gestores, quanto pelo <strong>\u201cdesencantamento\u201d observado em parte consider\u00e1vel dos docentes, que comenta se sentir vencida ora pela precariedade das condi\u00e7\u00f5es de realiza\u00e7\u00e3o de seu of\u00edcio, ora pela perda do capital simb\u00f3lico alimentada, entre outros aspectos, pelo colapso paradigm\u00e1tico do papel das institui\u00e7\u00f5es socializadoras.<\/strong> Isto para referenciar apenas dois segmentos da comunidade educativa, j\u00e1 que a escola tangencia essa discuss\u00e3o, n\u00e3o sendo, portanto, seu objeto de estudo.<\/p>\n<p>O trabalho, alvo de questionamentos quanto ao seu estatuto nos tempos atuais, parece ainda sustentar um valor imagin\u00e1rio para grande parcela da popula\u00e7\u00e3o economicamente ativa, apesar do esgar\u00e7amento das rela\u00e7\u00f5es sociais a ele referido e das mudan\u00e7as em sua estrutura, consequ\u00eancia de intensas transforma\u00e7\u00f5es no cen\u00e1rio econ\u00f4mico global. Para os jovens das classes populares, cuja entrada precoce no mercado de trabalho \u00e9 uma realidade conhecida dos pesquisadores, <strong>o ambiente laboral \u00e9, tal como nos orienta Pais (2005), a express\u00e3o da precariedade, tanto em fun\u00e7\u00e3o de particularidades vinculadas aos grupos social e de origem destes, quanto por um certo \u201cesp\u00edrito do tempo\u201d, marcado por instabilidades e incertezas que alcan\u00e7am a todos os grupos sociais, embora atinjam mais fortemente as classes populares, espelho da (perversamente naturalizada) desigualdade social.<\/strong><\/p>\n<p>Nos discursos dos jovens dos tr\u00eas pa\u00edses, encontramos tra\u00e7os de semelhan\u00e7a, tais como <strong>o desejo por qualifica\u00e7\u00e3o profissional como caminho para a autonomia; o anseio por independ\u00eancia; o medo do desconhecido; o receio de reproduzir o modelo de escassez financeira vivenciado na rela\u00e7\u00e3o com a fam\u00edlia e, ainda, uma t\u00eanue esperan\u00e7a na realiza\u00e7\u00e3o dos sonhos <\/strong>acalentados em uma perspectiva que vislumbra algo al\u00e9m da mera sobreviv\u00eancia.<\/p>\n<p>Quanto \u00e0s diferen\u00e7as, observamos que os jovens estudantes brasileiros, trabalhadores em tempo integral, j\u00e1 se mostravam \u201ccansados da luta\u201d e, embora sustentando alguma esperan\u00e7a, vislumbravam um futuro de muito esfor\u00e7o pessoal e at\u00e9 mesmo de um poss\u00edvel \u201cadiamento\u201d dos sonhos, dadas as dificuldades de todas as ordens. Os jovens estudantes portugueses revelaram o receio de n\u00e3o conseguir uma vaga no curso de gradua\u00e7\u00e3o almejado e ainda de n\u00e3o conseguir, ap\u00f3s a qualifica\u00e7\u00e3o universit\u00e1ria, um emprego em seu pa\u00eds. Nesse caso, o ato de emigrar n\u00e3o estaria associado a novas perspectivas de experi\u00eancia, mas \u00e0 sujei\u00e7\u00e3o de deixar amigos, familiares e ainda a terra natal, em troca de um trabalho \u201ccom poucas garantias\u201d. Os jovens respondentes da Espanha revelaram receios associados \u00e0 vida de imigrantes das classes populares, considerando-se \u201cestranhos no ninho\u201d, aqueles a quem cabe \u201co que sobra aos nativos\u201d. Os nativos, por sua vez, revelaram o receio de n\u00e3o conseguir uma boa forma\u00e7\u00e3o e, consequentemente, um trabalho est\u00e1vel, dadas as condi\u00e7\u00f5es econ\u00f4micas enfrentadas no pa\u00eds. Assim, temiam vir a reconhecer no esfor\u00e7o por qualifica\u00e7\u00e3o \u201cuma pesada frustra\u00e7\u00e3o\u201d ou uma \u201cgrande perda de tempo\u201d.<\/p>\n<p>Finalmente, os discursos referidos ao Projeto de Vida dos jovens pesquisados tamb\u00e9m revelaram se constituir pela via das rela\u00e7\u00f5es, dos v\u00ednculos e de suas transforma\u00e7\u00f5es. Assim,<strong> o futuro, em uma perspectiva favor\u00e1vel e assemelhando-se a um \u201csonho\u201d, lhes parece apontar para \u201cnovos amores\u201d, \u201cnovas amizades\u201d, \u201cnovos horizontes\u201d e ainda para a possibilidade de se \u201caventurar\u201d em outros pa\u00edses,<\/strong> em viagens que poderiam lhes oferecer, al\u00e9m do sustento financeiro, \u201cinspira\u00e7\u00e3o e crescimento\u201d.<\/p>\n                <\/div>\n            <\/div>\n        <\/div>\n    <\/div>\n<\/section>\t\t\t\t<\/div>\n\t\t\t\t<\/div>\n\t\t\t\t<div class=\"elementor-element elementor-element-c550cd elementor-widget elementor-widget-bloque-autor\" data-id=\"c550cd\" data-element_type=\"widget\" data-widget_type=\"bloque-autor.default\">\n\t\t\t\t<div class=\"elementor-widget-container\">\n\t\t\t\t\t\n<section class=\"bloque bloque-autor  \">\n    <div class=\"container\">\n        <div class=\"row\">\n            <div class=\"col-12 col-lg-8 offset-lg-3\">\n                <div class=\"datos d-flex align-items-center\" data-aos=\"fade\" data-aos-delay=\"600\" data-aos-duration=\"800\">\n                    <div class=\"imagen\" ><img decoding=\"async\" src=\"https:\/\/oji.fundacion-sm.org\/wp-content\/uploads\/sites\/4\/2021\/04\/OJI-logo.png\" class=\"img-fluid\" alt=\"Logo del Observatorio de la Juventud en Iberoam\u00e9rica (OJI)\"><\/div>\n                    <div class=\"datos-content\">\n                        <p class=\"subtitulos\">Rosane Castilho<\/p>\n                                                <p class=\"cargo\">Docente Titular de Psicologia da Universidade Estadual de Goi\u00e1s<\/p>\n                                                                    <\/div>\n                <\/div>\n            <\/div>\n        <\/div>\n    <\/div>\n<\/section>\t\t\t\t<\/div>\n\t\t\t\t<\/div>\n\t\t\t\t<div class=\"elementor-element elementor-element-c6fa0e4 elementor-widget elementor-widget-bloque-texto\" data-id=\"c6fa0e4\" data-element_type=\"widget\" data-widget_type=\"bloque-texto.default\">\n\t\t\t\t<div class=\"elementor-widget-container\">\n\t\t\t\t\t<!-- Texto -->\n<section class=\"bloque bloque-texto  \">\n    <div class=\"container\">\n                <div class=\"row\">\n            <div class=\"col-12 col-lg-5 offset-lg-1\">\n                <h2 class=\"titulos\" data-aos=\"fade-left\" data-aos-duration=\"700\">Refer\u00eancias<\/h2>            <\/div>\n        <\/div>\n                <div class=\"row\">\n            <div class=\"col-12 col-lg-8 offset-lg-3\">\n                <div class=\"the_content\" data-aos=\"fade-up\" data-aos-duration=\"700\">\n                                        <ul>\n<li>CASTILHO, Rosane. Juventud y autoridad: consideraciones sobre el sujeto de la autoridad para la juventud contempor\u00e1nea. Buenos Aires: Editorial Teseo, 2011.<\/li>\n<li>CASTILHO, Rosane. Cartografias da condi\u00e7\u00e3o juvenil. Goi\u00e2nia: C\u00e2none Editorial, 2019.<\/li>\n<li>DUBET, Fran\u00e7ois. Injusti\u00e7as: a experi\u00eancia das desigualdades no trabalho. Florian\u00f3polis: Editora UFSC, 2014.<\/li>\n<li>MARCUS, George. Etnograf\u00eda en\/del sistema mundo. El surgimento de la etnografia multilocal.<em> Revista Alteridades<\/em>. Districto Federal, Mexico. V.11, n. 22, p. 111-127, jul.\/dic., 2001.<\/li>\n<li>PAIS, Jos\u00e9 Machado. Ganchos, tachos e biscates: Jovens, trabalho e futuro. Porto: Ambar, 2005..<\/li>\n<li>SIMMEL, Georg. Quest\u00f5es fundamentais de sociologia: indiv\u00edduo e sociedade. Rio de Janeiro: Zahar, 2006.<\/li>\n<\/ul>\n                <\/div>\n            <\/div>\n        <\/div>\n    <\/div>\n<\/section>\t\t\t\t<\/div>\n\t\t\t\t<\/div>\n\t\t\t\t<div class=\"elementor-element elementor-element-674f79d9 elementor-widget elementor-widget-bloque-blog\" data-id=\"674f79d9\" data-element_type=\"widget\" data-widget_type=\"bloque-blog.default\">\n\t\t\t\t<div class=\"elementor-widget-container\">\n\t\t\t\t\t<!-- Bloque Blog -->\n<div class=\"container\">\n    <div class=\"row titulo-con-enlace\">\n        <div class=\"col-12\">\n            <h2 class=\"titulos\" data-aos=\"fade-left\" data-aos-duration=\"700\">Voc\u00ea pode gostar...<\/h2>                        <a href=\"https:\/\/oji.fundacion-sm.org\/pt-br\/decifrando-a-juventude\/\" data-aos=\"fade-right\" data-aos-duration=\"700\" class=\"enlace btn-arrow\" title=\"Ver mais\"><span>Ver mais<\/span><\/a>\n                    <\/div>\n    <\/div>\n<\/div>\n\n        <section class=\"bloque bloque-blog-listado  diseno-descifrando\">\n            <div class=\"container\">\n                <div class=\"row justify-content-center\">\n                    <div class=\"col-12 col-lg-10\">\n                        <ul class=\"listado row g-4 g-lg-5 ultimas\">                                       \n                            <li class=\"col-12 col-sm-6 d-flex align-items-stretch\" data-aos=\"fade-up\" data-aos-delay=\"200\" data-aos-duration=\"700\">\n        <a class=\"noticia \" href=\"https:\/\/oji.fundacion-sm.org\/pt-br\/decifrando-a-juventude\/integracao-social-pt-br\/ande-sempre-com-uma-lupa\/\">\n    <div class=\"datos\">\n        <div class=\"categoria\">Integra\u00e7\u00e3o social<\/div>\n        <div class=\"fecha\">29 abril 2022<\/div>\n        <h3 class=\"subtitulos\">Ande sempre com uma lupa<\/h3>\n    <\/div>\n    <div class=\"image\">\n        <img fetchpriority=\"high\" decoding=\"async\" width=\"890\" height=\"560\" src=\"https:\/\/oji.fundacion-sm.org\/wp-content\/uploads\/sites\/4\/2023\/11\/pexels-andrea-piacquadio-3771107-scaled-1-890x560.jpg\" class=\"img-fluid wp-post-image\" alt=\"Ande sempre com uma lupa\" \/>    <\/div>\n<\/a>    <\/li>\n                            <li class=\"col-12 col-sm-6 d-flex align-items-stretch\" data-aos=\"fade-up\" data-aos-delay=\"500\" data-aos-duration=\"700\">\n        <a class=\"noticia \" href=\"https:\/\/oji.fundacion-sm.org\/pt-br\/decifrando-a-juventude\/espiritualidade-pt-br\/juventudes-religiao-e-politica-o-que-ha-de-novo-no-brasil-do-seculo-xxi\/\">\n    <div class=\"datos\">\n        <div class=\"categoria\">Espiritualidade<\/div>\n        <div class=\"fecha\">30 julho 2020<\/div>\n        <h3 class=\"subtitulos\">Juventudes, religi\u00e3o e pol\u00edtica: o que h\u00e1 de novo no Brasil do s\u00e9culo XXI?<\/h3>\n    <\/div>\n    <div class=\"image\">\n        <img decoding=\"async\" width=\"890\" height=\"560\" src=\"https:\/\/oji.fundacion-sm.org\/wp-content\/uploads\/sites\/4\/2023\/11\/6575760991_729673dc8e_c-890x560.jpg\" class=\"img-fluid wp-post-image\" alt=\"Juventudes, religi\u00e3o e pol\u00edtica: o que h\u00e1 de novo no Brasil do s\u00e9culo XXI?\" \/>    <\/div>\n<\/a>    <\/li>\n                        <\/ul>\n            <\/div>\n        <\/div>\n            <\/div>\n<\/section>\n\t\t\t\t<\/div>\n\t\t\t\t<\/div>\n\t\t\t\t<div class=\"elementor-element elementor-element-3b85d92f elementor-widget elementor-widget-bloque-videos\" data-id=\"3b85d92f\" data-element_type=\"widget\" data-widget_type=\"bloque-videos.default\">\n\t\t\t\t<div class=\"elementor-widget-container\">\n\t\t\t\t\t<!-- Videos -->\n<section class=\"bloque bloque-videos-listado diseno-video \">\n    <div class=\"container \">\n        <div class=\"row titulo-con-enlace\">\n            <div class=\"col-12\">\n                <h2 class=\"titulos\" data-aos=\"fade-left\" data-aos-duration=\"700\">Videoteca<\/h2>                                <a href=\"https:\/\/oji.fundacion-sm.org\/pt-br\/biblioteca-de-videos\/\" data-aos=\"fade-right\" data-aos-duration=\"700\" class=\"enlace btn-arrow\" title=\"Ver mais\"><span>Ver mais<\/span><\/a>\n                            <\/div>\n        <\/div>\n    <div class=\"background\">\n                <div class=\"row justify-content-center gy-4 gy-lg-5\">\n                <div class=\"col-12 col-lg-10\">\n                    <div class=\"listado row g-4 g-lg-5\">\n                                                    <div class=\"col-12 col-sm-4 d-flex align-items-stretch\" data-aos=\"fade-up\" data-aos-delay=\"200\" data-aos-duration=\"700\">\n                                <a class=\"noticia \" href=\"https:\/\/oji.fundacion-sm.org\/pt-br\/biblioteca-de-videos\/virada-educacao-encontros-no-territorio-educador\/\">\n    <div class=\"image\">\n                <img decoding=\"async\" src=\"https:\/\/img.youtube.com\/vi\/bn_kvwpou1o\/maxresdefault.jpg\" class=\"img-fluid\" alt=\"Fotograf\u00eda ilustrativa del video: Virada Educa\u00e7\u00e3o \u2013 Encontros no territ\u00f3rio educador\" \/>\n    <\/div>\n    <div class=\"datos\">\n                <h3 class=\"subtitulos\">Virada Educa\u00e7\u00e3o \u2013 Encontros no territ\u00f3rio educador<\/h3>\n    <\/div>\n<\/a>                                <\/div>\n                                                            <div class=\"col-12 col-sm-4 d-flex align-items-stretch\" data-aos=\"fade-up\" data-aos-delay=\"500\" data-aos-duration=\"700\">\n                                <a class=\"noticia \" href=\"https:\/\/oji.fundacion-sm.org\/pt-br\/biblioteca-de-videos\/bastidores-em-cena\/\">\n    <div class=\"image\">\n                <img decoding=\"async\" src=\"https:\/\/img.youtube.com\/vi\/B61By7qecKE\/maxresdefault.jpg\" class=\"img-fluid\" alt=\"Fotograf\u00eda ilustrativa del video: Bastidores em cena &#8211; Oficina de Forma\u00e7\u00e3o Audiovisual\" \/>\n    <\/div>\n    <div class=\"datos\">\n                <h3 class=\"subtitulos\">Bastidores em cena &#8211; Oficina de Forma\u00e7\u00e3o Audiovisual<\/h3>\n    <\/div>\n<\/a>                                <\/div>\n                                                <\/div>\n                <\/div>\n            <\/div>\n        <\/div>\n    <\/div>\n<\/section>\t\t\t\t<\/div>\n\t\t\t\t<\/div>\n\t\t\t\t\t<\/div>\n\t\t<\/div>\n\t\t\t\t\t<\/div>\n\t\t<\/section>\n\t\t\t\t<\/div>\n\t\t","protected":false},"excerpt":{"rendered":"<p>A Juventude \u00e9 uma categoria social sobre a qual pairam idealiza\u00e7\u00f5es e distor\u00e7\u00f5es. Talvez ambos os substantivos dialoguem entre si, j\u00e1 que idealizar tamb\u00e9m \u00e9 uma forma de distorcer. Se a cultura responde por um conjunto de modos de viver e pensar cultivados coletivamente, o que estaria associado tanto \u00e0 forma\u00e7\u00e3o dos sujeitos quanto a [&hellip;]<\/p>\n","protected":false},"author":2,"featured_media":1241,"comment_status":"closed","ping_status":"closed","sticky":false,"template":"","format":"standard","meta":{"_acf_changed":false,"footnotes":""},"categories":[78,14,83,80,79],"tags":[],"class_list":["post-3571","post","type-post","status-publish","format-standard","has-post-thumbnail","hentry","category-brasil-pt-br","category-decifrando-a-juventude","category-expectativas-profissionais-pt-br","category-formacao-pt-br","category-integracao-social-pt-br"],"acf":[],"yoast_head":"<!-- This site is optimized with the Yoast SEO plugin v26.7 - https:\/\/yoast.com\/wordpress\/plugins\/seo\/ -->\n<title>Projeto de vida e expectativas de futuro: notas de pesquisa com jovens estudantes de Goi\u00e2nia, Lisboa e Madrid - Observat\u00f3rio da Juventude na Ibero-Am\u00e9rica (OJI)<\/title>\n<meta name=\"description\" content=\"Al investigar los aspectos que involucran el proyecto de vida y las expectativas del futuro de los j\u00f3venes de las clases populares de estos tres pa\u00edses, inicialmente identificamos que la condici\u00f3n de clase es un factor relevante, ya que la escasez de orden econ\u00f3mico-financiero y cultural y la consiguiente vulnerabilidad sostenida por la insuficiencia de las pol\u00edticas p\u00fablicas, en sus respectivos pa\u00edses (aunque con mayor \u00e9nfasis en Brasil), se mencionaron como desaf\u00edos que involucran la construcci\u00f3n de un horizonte deseado.\" \/>\n<meta name=\"robots\" content=\"index, follow, max-snippet:-1, max-image-preview:large, max-video-preview:-1\" \/>\n<link rel=\"canonical\" href=\"https:\/\/oji.fundacion-sm.org\/pt-br\/decifrando-a-juventude\/expectativas-profissionais-pt-br\/projeto-de-vida-e-expectativas-de-futuro-notas-de-pesquisa-com-jovens-estudantes-de-goiania-lisboa-e-madrid\/\" \/>\n<meta property=\"og:locale\" content=\"pt_BR\" \/>\n<meta property=\"og:type\" content=\"article\" \/>\n<meta property=\"og:title\" content=\"Projeto de vida e expectativas de futuro: notas de pesquisa com jovens estudantes de Goi\u00e2nia, Lisboa e Madrid - Observat\u00f3rio da Juventude na Ibero-Am\u00e9rica (OJI)\" \/>\n<meta property=\"og:description\" content=\"Al investigar los aspectos que involucran el proyecto de vida y las expectativas del futuro de los j\u00f3venes de las clases populares de estos tres pa\u00edses, inicialmente identificamos que la condici\u00f3n de clase es un factor relevante, ya que la escasez de orden econ\u00f3mico-financiero y cultural y la consiguiente vulnerabilidad sostenida por la insuficiencia de las pol\u00edticas p\u00fablicas, en sus respectivos pa\u00edses (aunque con mayor \u00e9nfasis en Brasil), se mencionaron como desaf\u00edos que involucran la construcci\u00f3n de un horizonte deseado.\" \/>\n<meta property=\"og:url\" content=\"https:\/\/oji.fundacion-sm.org\/pt-br\/decifrando-a-juventude\/expectativas-profissionais-pt-br\/projeto-de-vida-e-expectativas-de-futuro-notas-de-pesquisa-com-jovens-estudantes-de-goiania-lisboa-e-madrid\/\" \/>\n<meta property=\"og:site_name\" content=\"Observat\u00f3rio da Juventude na Ibero-Am\u00e9rica (OJI)\" \/>\n<meta property=\"article:published_time\" content=\"2020-06-02T12:47:00+00:00\" \/>\n<meta property=\"article:modified_time\" content=\"2023-11-02T12:44:13+00:00\" \/>\n<meta property=\"og:image\" content=\"https:\/\/oji.fundacion-sm.org\/wp-content\/uploads\/sites\/4\/2020\/06\/serious-ethnic-man-with-luggage-at-subway-station-in-3799192.jpg\" \/>\n\t<meta property=\"og:image:width\" content=\"1170\" \/>\n\t<meta property=\"og:image:height\" content=\"659\" \/>\n\t<meta property=\"og:image:type\" content=\"image\/jpeg\" \/>\n<meta name=\"author\" content=\"Antonio Rockin&#039;Pixels\" \/>\n<meta name=\"twitter:card\" content=\"summary_large_image\" \/>\n<script type=\"application\/ld+json\" class=\"yoast-schema-graph\">{\"@context\":\"https:\/\/schema.org\",\"@graph\":[{\"@type\":\"Article\",\"@id\":\"https:\/\/oji.fundacion-sm.org\/pt-br\/decifrando-a-juventude\/expectativas-profissionais-pt-br\/projeto-de-vida-e-expectativas-de-futuro-notas-de-pesquisa-com-jovens-estudantes-de-goiania-lisboa-e-madrid\/#article\",\"isPartOf\":{\"@id\":\"https:\/\/oji.fundacion-sm.org\/pt-br\/decifrando-a-juventude\/expectativas-profissionais-pt-br\/projeto-de-vida-e-expectativas-de-futuro-notas-de-pesquisa-com-jovens-estudantes-de-goiania-lisboa-e-madrid\/\"},\"author\":{\"name\":\"Antonio Rockin'Pixels\",\"@id\":\"https:\/\/oji.fundacion-sm.org\/pt-br\/#\/schema\/person\/853f955beb537b852c3687d514f42948\"},\"headline\":\"Projeto de vida e expectativas de futuro: notas de pesquisa com jovens estudantes de Goi\u00e2nia, Lisboa e Madrid\",\"datePublished\":\"2020-06-02T12:47:00+00:00\",\"dateModified\":\"2023-11-02T12:44:13+00:00\",\"mainEntityOfPage\":{\"@id\":\"https:\/\/oji.fundacion-sm.org\/pt-br\/decifrando-a-juventude\/expectativas-profissionais-pt-br\/projeto-de-vida-e-expectativas-de-futuro-notas-de-pesquisa-com-jovens-estudantes-de-goiania-lisboa-e-madrid\/\"},\"wordCount\":1854,\"publisher\":{\"@id\":\"https:\/\/oji.fundacion-sm.org\/pt-br\/#organization\"},\"image\":{\"@id\":\"https:\/\/oji.fundacion-sm.org\/pt-br\/decifrando-a-juventude\/expectativas-profissionais-pt-br\/projeto-de-vida-e-expectativas-de-futuro-notas-de-pesquisa-com-jovens-estudantes-de-goiania-lisboa-e-madrid\/#primaryimage\"},\"thumbnailUrl\":\"https:\/\/oji.fundacion-sm.org\/wp-content\/uploads\/sites\/4\/2020\/06\/serious-ethnic-man-with-luggage-at-subway-station-in-3799192.jpg\",\"articleSection\":[\"Brasil\",\"Decifrando a juventude\",\"Expectativas profissionais\",\"Forma\u00e7\u00e3o\",\"Integra\u00e7\u00e3o social\"],\"inLanguage\":\"pt-BR\"},{\"@type\":\"WebPage\",\"@id\":\"https:\/\/oji.fundacion-sm.org\/pt-br\/decifrando-a-juventude\/expectativas-profissionais-pt-br\/projeto-de-vida-e-expectativas-de-futuro-notas-de-pesquisa-com-jovens-estudantes-de-goiania-lisboa-e-madrid\/\",\"url\":\"https:\/\/oji.fundacion-sm.org\/pt-br\/decifrando-a-juventude\/expectativas-profissionais-pt-br\/projeto-de-vida-e-expectativas-de-futuro-notas-de-pesquisa-com-jovens-estudantes-de-goiania-lisboa-e-madrid\/\",\"name\":\"Projeto de vida e expectativas de futuro: notas de pesquisa com jovens estudantes de Goi\u00e2nia, Lisboa e Madrid - Observat\u00f3rio da Juventude na Ibero-Am\u00e9rica (OJI)\",\"isPartOf\":{\"@id\":\"https:\/\/oji.fundacion-sm.org\/pt-br\/#website\"},\"primaryImageOfPage\":{\"@id\":\"https:\/\/oji.fundacion-sm.org\/pt-br\/decifrando-a-juventude\/expectativas-profissionais-pt-br\/projeto-de-vida-e-expectativas-de-futuro-notas-de-pesquisa-com-jovens-estudantes-de-goiania-lisboa-e-madrid\/#primaryimage\"},\"image\":{\"@id\":\"https:\/\/oji.fundacion-sm.org\/pt-br\/decifrando-a-juventude\/expectativas-profissionais-pt-br\/projeto-de-vida-e-expectativas-de-futuro-notas-de-pesquisa-com-jovens-estudantes-de-goiania-lisboa-e-madrid\/#primaryimage\"},\"thumbnailUrl\":\"https:\/\/oji.fundacion-sm.org\/wp-content\/uploads\/sites\/4\/2020\/06\/serious-ethnic-man-with-luggage-at-subway-station-in-3799192.jpg\",\"datePublished\":\"2020-06-02T12:47:00+00:00\",\"dateModified\":\"2023-11-02T12:44:13+00:00\",\"description\":\"Al investigar los aspectos que involucran el proyecto de vida y las expectativas del futuro de los j\u00f3venes de las clases populares de estos tres pa\u00edses, inicialmente identificamos que la condici\u00f3n de clase es un factor relevante, ya que la escasez de orden econ\u00f3mico-financiero y cultural y la consiguiente vulnerabilidad sostenida por la insuficiencia de las pol\u00edticas p\u00fablicas, en sus respectivos pa\u00edses (aunque con mayor \u00e9nfasis en Brasil), se mencionaron como desaf\u00edos que involucran la construcci\u00f3n de un horizonte deseado.\",\"breadcrumb\":{\"@id\":\"https:\/\/oji.fundacion-sm.org\/pt-br\/decifrando-a-juventude\/expectativas-profissionais-pt-br\/projeto-de-vida-e-expectativas-de-futuro-notas-de-pesquisa-com-jovens-estudantes-de-goiania-lisboa-e-madrid\/#breadcrumb\"},\"inLanguage\":\"pt-BR\",\"potentialAction\":[{\"@type\":\"ReadAction\",\"target\":[\"https:\/\/oji.fundacion-sm.org\/pt-br\/decifrando-a-juventude\/expectativas-profissionais-pt-br\/projeto-de-vida-e-expectativas-de-futuro-notas-de-pesquisa-com-jovens-estudantes-de-goiania-lisboa-e-madrid\/\"]}]},{\"@type\":\"ImageObject\",\"inLanguage\":\"pt-BR\",\"@id\":\"https:\/\/oji.fundacion-sm.org\/pt-br\/decifrando-a-juventude\/expectativas-profissionais-pt-br\/projeto-de-vida-e-expectativas-de-futuro-notas-de-pesquisa-com-jovens-estudantes-de-goiania-lisboa-e-madrid\/#primaryimage\",\"url\":\"https:\/\/oji.fundacion-sm.org\/wp-content\/uploads\/sites\/4\/2020\/06\/serious-ethnic-man-with-luggage-at-subway-station-in-3799192.jpg\",\"contentUrl\":\"https:\/\/oji.fundacion-sm.org\/wp-content\/uploads\/sites\/4\/2020\/06\/serious-ethnic-man-with-luggage-at-subway-station-in-3799192.jpg\",\"width\":1170,\"height\":659},{\"@type\":\"BreadcrumbList\",\"@id\":\"https:\/\/oji.fundacion-sm.org\/pt-br\/decifrando-a-juventude\/expectativas-profissionais-pt-br\/projeto-de-vida-e-expectativas-de-futuro-notas-de-pesquisa-com-jovens-estudantes-de-goiania-lisboa-e-madrid\/#breadcrumb\",\"itemListElement\":[{\"@type\":\"ListItem\",\"position\":1,\"name\":\"Home\",\"item\":\"https:\/\/oji.fundacion-sm.org\/pt-br\/\"},{\"@type\":\"ListItem\",\"position\":2,\"name\":\"Decifrando a juventude\",\"item\":\"https:\/\/oji.fundacion-sm.org\/pt-br\/decifrando-a-juventude\/\"},{\"@type\":\"ListItem\",\"position\":3,\"name\":\"Expectativas profissionais\",\"item\":\"https:\/\/oji.fundacion-sm.org\/pt-br\/decifrando-a-juventude\/expectativas-profissionais-pt-br\/\"},{\"@type\":\"ListItem\",\"position\":4,\"name\":\"Projeto de vida e expectativas de futuro: notas de pesquisa com jovens estudantes de Goi\u00e2nia, Lisboa e Madrid\"}]},{\"@type\":\"WebSite\",\"@id\":\"https:\/\/oji.fundacion-sm.org\/pt-br\/#website\",\"url\":\"https:\/\/oji.fundacion-sm.org\/pt-br\/\",\"name\":\"Observat\u00f3rio da Juventude na Ibero-Am\u00e9rica (OJI)\",\"description\":\"Somos un programa de la Fundaci\u00f3n SM con vocaci\u00f3n de agrupar conocimiento, ser un lugar de referencia y servir de nexo de uni\u00f3n entre distintos observatorios y estudios sobre juventud e Iberoam\u00e9rica.\",\"publisher\":{\"@id\":\"https:\/\/oji.fundacion-sm.org\/pt-br\/#organization\"},\"potentialAction\":[{\"@type\":\"SearchAction\",\"target\":{\"@type\":\"EntryPoint\",\"urlTemplate\":\"https:\/\/oji.fundacion-sm.org\/pt-br\/?s={search_term_string}\"},\"query-input\":{\"@type\":\"PropertyValueSpecification\",\"valueRequired\":true,\"valueName\":\"search_term_string\"}}],\"inLanguage\":\"pt-BR\"},{\"@type\":\"Organization\",\"@id\":\"https:\/\/oji.fundacion-sm.org\/pt-br\/#organization\",\"name\":\"Fundaci\u00f3n SM\",\"url\":\"https:\/\/oji.fundacion-sm.org\/pt-br\/\",\"logo\":{\"@type\":\"ImageObject\",\"inLanguage\":\"pt-BR\",\"@id\":\"https:\/\/oji.fundacion-sm.org\/pt-br\/#\/schema\/logo\/image\/\",\"url\":\"https:\/\/oji.fundacion-sm.org\/wp-content\/uploads\/sites\/4\/2023\/10\/logotipo-fundacion-sm.png\",\"contentUrl\":\"https:\/\/oji.fundacion-sm.org\/wp-content\/uploads\/sites\/4\/2023\/10\/logotipo-fundacion-sm.png\",\"width\":447,\"height\":85,\"caption\":\"Fundaci\u00f3n SM\"},\"image\":{\"@id\":\"https:\/\/oji.fundacion-sm.org\/pt-br\/#\/schema\/logo\/image\/\"}},{\"@type\":\"Person\",\"@id\":\"https:\/\/oji.fundacion-sm.org\/pt-br\/#\/schema\/person\/853f955beb537b852c3687d514f42948\",\"name\":\"Antonio Rockin'Pixels\"}]}<\/script>\n<!-- \/ Yoast SEO plugin. -->","yoast_head_json":{"title":"Projeto de vida e expectativas de futuro: notas de pesquisa com jovens estudantes de Goi\u00e2nia, Lisboa e Madrid - Observat\u00f3rio da Juventude na Ibero-Am\u00e9rica (OJI)","description":"Al investigar los aspectos que involucran el proyecto de vida y las expectativas del futuro de los j\u00f3venes de las clases populares de estos tres pa\u00edses, inicialmente identificamos que la condici\u00f3n de clase es un factor relevante, ya que la escasez de orden econ\u00f3mico-financiero y cultural y la consiguiente vulnerabilidad sostenida por la insuficiencia de las pol\u00edticas p\u00fablicas, en sus respectivos pa\u00edses (aunque con mayor \u00e9nfasis en Brasil), se mencionaron como desaf\u00edos que involucran la construcci\u00f3n de un horizonte deseado.","robots":{"index":"index","follow":"follow","max-snippet":"max-snippet:-1","max-image-preview":"max-image-preview:large","max-video-preview":"max-video-preview:-1"},"canonical":"https:\/\/oji.fundacion-sm.org\/pt-br\/decifrando-a-juventude\/expectativas-profissionais-pt-br\/projeto-de-vida-e-expectativas-de-futuro-notas-de-pesquisa-com-jovens-estudantes-de-goiania-lisboa-e-madrid\/","og_locale":"pt_BR","og_type":"article","og_title":"Projeto de vida e expectativas de futuro: notas de pesquisa com jovens estudantes de Goi\u00e2nia, Lisboa e Madrid - Observat\u00f3rio da Juventude na Ibero-Am\u00e9rica (OJI)","og_description":"Al investigar los aspectos que involucran el proyecto de vida y las expectativas del futuro de los j\u00f3venes de las clases populares de estos tres pa\u00edses, inicialmente identificamos que la condici\u00f3n de clase es un factor relevante, ya que la escasez de orden econ\u00f3mico-financiero y cultural y la consiguiente vulnerabilidad sostenida por la insuficiencia de las pol\u00edticas p\u00fablicas, en sus respectivos pa\u00edses (aunque con mayor \u00e9nfasis en Brasil), se mencionaron como desaf\u00edos que involucran la construcci\u00f3n de un horizonte deseado.","og_url":"https:\/\/oji.fundacion-sm.org\/pt-br\/decifrando-a-juventude\/expectativas-profissionais-pt-br\/projeto-de-vida-e-expectativas-de-futuro-notas-de-pesquisa-com-jovens-estudantes-de-goiania-lisboa-e-madrid\/","og_site_name":"Observat\u00f3rio da Juventude na Ibero-Am\u00e9rica (OJI)","article_published_time":"2020-06-02T12:47:00+00:00","article_modified_time":"2023-11-02T12:44:13+00:00","og_image":[{"width":1170,"height":659,"url":"https:\/\/oji.fundacion-sm.org\/wp-content\/uploads\/sites\/4\/2020\/06\/serious-ethnic-man-with-luggage-at-subway-station-in-3799192.jpg","type":"image\/jpeg"}],"author":"Antonio Rockin'Pixels","twitter_card":"summary_large_image","schema":{"@context":"https:\/\/schema.org","@graph":[{"@type":"Article","@id":"https:\/\/oji.fundacion-sm.org\/pt-br\/decifrando-a-juventude\/expectativas-profissionais-pt-br\/projeto-de-vida-e-expectativas-de-futuro-notas-de-pesquisa-com-jovens-estudantes-de-goiania-lisboa-e-madrid\/#article","isPartOf":{"@id":"https:\/\/oji.fundacion-sm.org\/pt-br\/decifrando-a-juventude\/expectativas-profissionais-pt-br\/projeto-de-vida-e-expectativas-de-futuro-notas-de-pesquisa-com-jovens-estudantes-de-goiania-lisboa-e-madrid\/"},"author":{"name":"Antonio Rockin'Pixels","@id":"https:\/\/oji.fundacion-sm.org\/pt-br\/#\/schema\/person\/853f955beb537b852c3687d514f42948"},"headline":"Projeto de vida e expectativas de futuro: notas de pesquisa com jovens estudantes de Goi\u00e2nia, Lisboa e Madrid","datePublished":"2020-06-02T12:47:00+00:00","dateModified":"2023-11-02T12:44:13+00:00","mainEntityOfPage":{"@id":"https:\/\/oji.fundacion-sm.org\/pt-br\/decifrando-a-juventude\/expectativas-profissionais-pt-br\/projeto-de-vida-e-expectativas-de-futuro-notas-de-pesquisa-com-jovens-estudantes-de-goiania-lisboa-e-madrid\/"},"wordCount":1854,"publisher":{"@id":"https:\/\/oji.fundacion-sm.org\/pt-br\/#organization"},"image":{"@id":"https:\/\/oji.fundacion-sm.org\/pt-br\/decifrando-a-juventude\/expectativas-profissionais-pt-br\/projeto-de-vida-e-expectativas-de-futuro-notas-de-pesquisa-com-jovens-estudantes-de-goiania-lisboa-e-madrid\/#primaryimage"},"thumbnailUrl":"https:\/\/oji.fundacion-sm.org\/wp-content\/uploads\/sites\/4\/2020\/06\/serious-ethnic-man-with-luggage-at-subway-station-in-3799192.jpg","articleSection":["Brasil","Decifrando a juventude","Expectativas profissionais","Forma\u00e7\u00e3o","Integra\u00e7\u00e3o social"],"inLanguage":"pt-BR"},{"@type":"WebPage","@id":"https:\/\/oji.fundacion-sm.org\/pt-br\/decifrando-a-juventude\/expectativas-profissionais-pt-br\/projeto-de-vida-e-expectativas-de-futuro-notas-de-pesquisa-com-jovens-estudantes-de-goiania-lisboa-e-madrid\/","url":"https:\/\/oji.fundacion-sm.org\/pt-br\/decifrando-a-juventude\/expectativas-profissionais-pt-br\/projeto-de-vida-e-expectativas-de-futuro-notas-de-pesquisa-com-jovens-estudantes-de-goiania-lisboa-e-madrid\/","name":"Projeto de vida e expectativas de futuro: notas de pesquisa com jovens estudantes de Goi\u00e2nia, Lisboa e Madrid - Observat\u00f3rio da Juventude na Ibero-Am\u00e9rica (OJI)","isPartOf":{"@id":"https:\/\/oji.fundacion-sm.org\/pt-br\/#website"},"primaryImageOfPage":{"@id":"https:\/\/oji.fundacion-sm.org\/pt-br\/decifrando-a-juventude\/expectativas-profissionais-pt-br\/projeto-de-vida-e-expectativas-de-futuro-notas-de-pesquisa-com-jovens-estudantes-de-goiania-lisboa-e-madrid\/#primaryimage"},"image":{"@id":"https:\/\/oji.fundacion-sm.org\/pt-br\/decifrando-a-juventude\/expectativas-profissionais-pt-br\/projeto-de-vida-e-expectativas-de-futuro-notas-de-pesquisa-com-jovens-estudantes-de-goiania-lisboa-e-madrid\/#primaryimage"},"thumbnailUrl":"https:\/\/oji.fundacion-sm.org\/wp-content\/uploads\/sites\/4\/2020\/06\/serious-ethnic-man-with-luggage-at-subway-station-in-3799192.jpg","datePublished":"2020-06-02T12:47:00+00:00","dateModified":"2023-11-02T12:44:13+00:00","description":"Al investigar los aspectos que involucran el proyecto de vida y las expectativas del futuro de los j\u00f3venes de las clases populares de estos tres pa\u00edses, inicialmente identificamos que la condici\u00f3n de clase es un factor relevante, ya que la escasez de orden econ\u00f3mico-financiero y cultural y la consiguiente vulnerabilidad sostenida por la insuficiencia de las pol\u00edticas p\u00fablicas, en sus respectivos pa\u00edses (aunque con mayor \u00e9nfasis en Brasil), se mencionaron como desaf\u00edos que involucran la construcci\u00f3n de un horizonte deseado.","breadcrumb":{"@id":"https:\/\/oji.fundacion-sm.org\/pt-br\/decifrando-a-juventude\/expectativas-profissionais-pt-br\/projeto-de-vida-e-expectativas-de-futuro-notas-de-pesquisa-com-jovens-estudantes-de-goiania-lisboa-e-madrid\/#breadcrumb"},"inLanguage":"pt-BR","potentialAction":[{"@type":"ReadAction","target":["https:\/\/oji.fundacion-sm.org\/pt-br\/decifrando-a-juventude\/expectativas-profissionais-pt-br\/projeto-de-vida-e-expectativas-de-futuro-notas-de-pesquisa-com-jovens-estudantes-de-goiania-lisboa-e-madrid\/"]}]},{"@type":"ImageObject","inLanguage":"pt-BR","@id":"https:\/\/oji.fundacion-sm.org\/pt-br\/decifrando-a-juventude\/expectativas-profissionais-pt-br\/projeto-de-vida-e-expectativas-de-futuro-notas-de-pesquisa-com-jovens-estudantes-de-goiania-lisboa-e-madrid\/#primaryimage","url":"https:\/\/oji.fundacion-sm.org\/wp-content\/uploads\/sites\/4\/2020\/06\/serious-ethnic-man-with-luggage-at-subway-station-in-3799192.jpg","contentUrl":"https:\/\/oji.fundacion-sm.org\/wp-content\/uploads\/sites\/4\/2020\/06\/serious-ethnic-man-with-luggage-at-subway-station-in-3799192.jpg","width":1170,"height":659},{"@type":"BreadcrumbList","@id":"https:\/\/oji.fundacion-sm.org\/pt-br\/decifrando-a-juventude\/expectativas-profissionais-pt-br\/projeto-de-vida-e-expectativas-de-futuro-notas-de-pesquisa-com-jovens-estudantes-de-goiania-lisboa-e-madrid\/#breadcrumb","itemListElement":[{"@type":"ListItem","position":1,"name":"Home","item":"https:\/\/oji.fundacion-sm.org\/pt-br\/"},{"@type":"ListItem","position":2,"name":"Decifrando a juventude","item":"https:\/\/oji.fundacion-sm.org\/pt-br\/decifrando-a-juventude\/"},{"@type":"ListItem","position":3,"name":"Expectativas profissionais","item":"https:\/\/oji.fundacion-sm.org\/pt-br\/decifrando-a-juventude\/expectativas-profissionais-pt-br\/"},{"@type":"ListItem","position":4,"name":"Projeto de vida e expectativas de futuro: notas de pesquisa com jovens estudantes de Goi\u00e2nia, Lisboa e Madrid"}]},{"@type":"WebSite","@id":"https:\/\/oji.fundacion-sm.org\/pt-br\/#website","url":"https:\/\/oji.fundacion-sm.org\/pt-br\/","name":"Observat\u00f3rio da Juventude na Ibero-Am\u00e9rica (OJI)","description":"Somos un programa de la Fundaci\u00f3n SM con vocaci\u00f3n de agrupar conocimiento, ser un lugar de referencia y servir de nexo de uni\u00f3n entre distintos observatorios y estudios sobre juventud e Iberoam\u00e9rica.","publisher":{"@id":"https:\/\/oji.fundacion-sm.org\/pt-br\/#organization"},"potentialAction":[{"@type":"SearchAction","target":{"@type":"EntryPoint","urlTemplate":"https:\/\/oji.fundacion-sm.org\/pt-br\/?s={search_term_string}"},"query-input":{"@type":"PropertyValueSpecification","valueRequired":true,"valueName":"search_term_string"}}],"inLanguage":"pt-BR"},{"@type":"Organization","@id":"https:\/\/oji.fundacion-sm.org\/pt-br\/#organization","name":"Fundaci\u00f3n SM","url":"https:\/\/oji.fundacion-sm.org\/pt-br\/","logo":{"@type":"ImageObject","inLanguage":"pt-BR","@id":"https:\/\/oji.fundacion-sm.org\/pt-br\/#\/schema\/logo\/image\/","url":"https:\/\/oji.fundacion-sm.org\/wp-content\/uploads\/sites\/4\/2023\/10\/logotipo-fundacion-sm.png","contentUrl":"https:\/\/oji.fundacion-sm.org\/wp-content\/uploads\/sites\/4\/2023\/10\/logotipo-fundacion-sm.png","width":447,"height":85,"caption":"Fundaci\u00f3n SM"},"image":{"@id":"https:\/\/oji.fundacion-sm.org\/pt-br\/#\/schema\/logo\/image\/"}},{"@type":"Person","@id":"https:\/\/oji.fundacion-sm.org\/pt-br\/#\/schema\/person\/853f955beb537b852c3687d514f42948","name":"Antonio Rockin'Pixels"}]}},"_links":{"self":[{"href":"https:\/\/oji.fundacion-sm.org\/pt-br\/wp-json\/wp\/v2\/posts\/3571","targetHints":{"allow":["GET"]}}],"collection":[{"href":"https:\/\/oji.fundacion-sm.org\/pt-br\/wp-json\/wp\/v2\/posts"}],"about":[{"href":"https:\/\/oji.fundacion-sm.org\/pt-br\/wp-json\/wp\/v2\/types\/post"}],"author":[{"embeddable":true,"href":"https:\/\/oji.fundacion-sm.org\/pt-br\/wp-json\/wp\/v2\/users\/2"}],"replies":[{"embeddable":true,"href":"https:\/\/oji.fundacion-sm.org\/pt-br\/wp-json\/wp\/v2\/comments?post=3571"}],"version-history":[{"count":14,"href":"https:\/\/oji.fundacion-sm.org\/pt-br\/wp-json\/wp\/v2\/posts\/3571\/revisions"}],"predecessor-version":[{"id":3586,"href":"https:\/\/oji.fundacion-sm.org\/pt-br\/wp-json\/wp\/v2\/posts\/3571\/revisions\/3586"}],"wp:featuredmedia":[{"embeddable":true,"href":"https:\/\/oji.fundacion-sm.org\/pt-br\/wp-json\/wp\/v2\/media\/1241"}],"wp:attachment":[{"href":"https:\/\/oji.fundacion-sm.org\/pt-br\/wp-json\/wp\/v2\/media?parent=3571"}],"wp:term":[{"taxonomy":"category","embeddable":true,"href":"https:\/\/oji.fundacion-sm.org\/pt-br\/wp-json\/wp\/v2\/categories?post=3571"},{"taxonomy":"post_tag","embeddable":true,"href":"https:\/\/oji.fundacion-sm.org\/pt-br\/wp-json\/wp\/v2\/tags?post=3571"}],"curies":[{"name":"wp","href":"https:\/\/api.w.org\/{rel}","templated":true}]}}