{"id":4103,"date":"2022-03-16T09:24:00","date_gmt":"2022-03-16T07:24:00","guid":{"rendered":"https:\/\/oji.fundacion-sm.org\/noticias\/encuestas-flash-sondeo-1-igualdad-de-genero-2\/"},"modified":"2023-11-09T08:38:45","modified_gmt":"2023-11-09T06:38:45","slug":"pesquisas-flash-enquete-1-igualdade-de-genero","status":"publish","type":"post","link":"https:\/\/oji.fundacion-sm.org\/pt-br\/em-foco\/genero-foco-pt-br\/pesquisas-flash-enquete-1-igualdade-de-genero\/","title":{"rendered":"PESQUISAS FLASH: Enquete 1. Igualdade de g\u00eanero"},"content":{"rendered":"\t\t<div data-elementor-type=\"wp-post\" data-elementor-id=\"4103\" class=\"elementor elementor-4103 elementor-111\" data-elementor-post-type=\"post\">\n\t\t\t\t\t\t<section class=\"elementor-section elementor-top-section elementor-element elementor-element-927d613 elementor-section-full_width elementor-section-height-default elementor-section-height-default\" data-id=\"927d613\" data-element_type=\"section\">\n\t\t\t\t\t\t<div class=\"elementor-container elementor-column-gap-default\">\n\t\t\t\t\t<div class=\"elementor-column elementor-col-100 elementor-top-column elementor-element elementor-element-954676a\" data-id=\"954676a\" data-element_type=\"column\">\n\t\t\t<div class=\"elementor-widget-wrap elementor-element-populated\">\n\t\t\t\t\t\t<div class=\"elementor-element elementor-element-b481d81 elementor-widget elementor-widget-bloque-texto\" data-id=\"b481d81\" data-element_type=\"widget\" data-widget_type=\"bloque-texto.default\">\n\t\t\t\t<div class=\"elementor-widget-container\">\n\t\t\t\t\t<!-- Texto -->\n<section class=\"bloque bloque-texto  \">\n    <div class=\"container\">\n                <div class=\"row\">\n            <div class=\"col-12 col-lg-8 offset-lg-3\">\n                <div class=\"the_content\" data-aos=\"fade-up\" data-aos-duration=\"700\">\n                                            <div class=\"subtitulos\" data-aos=\"fade-left\" data-aos-duration=\"700\"><p>\u201cPerspectivas sobre a igualdade de g\u00eanero, o feminismo, a viol\u00eancia de g\u00e9nero e as rela\u00e7\u00f5es afetivo-sexuais\u201d\u00e9 a primeira de uma s\u00e9rie de enquetes cujo objetivo \u00e9 conhecer a opini\u00e3o dos jovens e das jovens com idades entre 15 e 29 anos residentes em quatro pa\u00edses onde a Funda\u00e7\u00e3o SM est\u00e1 presente (Espanha, M\u00e9xico, Brasil e Chile).<\/p><\/div>\n                                        <p>Os jovens e as jovens desses quatro pa\u00edses afirmam enfaticamente (com percentuais acima de 80%) que <strong>deve ser dada maior import\u00e2ncia \u00e0 forma\u00e7\u00e3o sobre igualdade de g\u00eanero nas escolas.<\/strong><span id=\"more-9047\"><\/span><\/p>\n<p>A igualdade \u00e9 um aspecto que deve importar tanto aos homens quanto \u00e0s mulheres. No entanto, <strong>cerca da metade dos homens jovens considera que, com a desculpa da igualdade de g\u00eanero, as mulheres pretendem ter mais poder do que os homens.<\/strong> Com exce\u00e7\u00e3o dos jovens brasileiros, que manifestaram em menor percentual (30%) o seu grau de concord\u00e2ncia com essa quest\u00e3o.<\/p>\n<p>Os jovens e as jovens opinaram, <strong>com percentuais acima dos 70%, que o movimento feminista permitiu a liberta\u00e7\u00e3o e o empoderamento das mulheres<\/strong>(percentual um pouco menor, de 65%, no caso dos jovens do M\u00e9xico). No entanto, entre os homens jovens dos quatro pa\u00edses, h\u00e1 um sentimento de receio quanto \u00e0 ascens\u00e3o do feminismo na regi\u00e3o. Aproximadamente metade deles considera que o feminismo procurou prejudicar os homens e que foi levado a limites exagerados. En esta \u00faltima cuesti\u00f3n, el grado de acuerdo manifestado por los j\u00f3venes chilenos asciende al 70 %.<\/p>\n<p><strong>Entre 75% e 92% dos jovens que participaram da enquete nos quatro pa\u00edses afirmam que a viol\u00eancia de g\u00eanero \u00e9 um problema grave da sociedade.<\/strong> No entanto, mais de 65% dos homens jovens consideram que h\u00e1 mulheres que se aproveitam das leis contra a viol\u00eancia de g\u00eanero para fazer falsas acusa\u00e7\u00f5es contra os homens.<\/p>\n<p>Predomina uma vis\u00e3o igualit\u00e1ria nas rela\u00e7\u00f5es afetivo-sexuais, embora n\u00e3o deixa de ser preocupante que cerca de 1 em cada 4 garotos (1 em cada 5 no caso do M\u00e9xico) insista que, nas rela\u00e7\u00f5es de casal, \u00e9 normal que o homem controle a mulher e que, em uma rela\u00e7\u00e3o sexual, quando as mulheres dizem \u201cn\u00e3o\u201d, isso \u00e0s vezes pode ser interpretado como um \u201csim\u201d.<\/p>\n<p>Resumindo, prevalece uma opini\u00e3o favor\u00e1vel \u00e0 igualdade de g\u00eanero, uma avalia\u00e7\u00e3o positiva do movimento feminista e uma vis\u00e3o igualit\u00e1ria das rela\u00e7\u00f5es afetivo-sexuais. Ou seja, estamos vendo um amplo consenso por parte dos jovens em rela\u00e7\u00e3o a esses temas. No entanto, \u00e9 preocupante o percentual daqueles que manifestam uma ideia oposta, principalmente no caso dos garotos, o que torna indispens\u00e1vel a forma\u00e7\u00e3o sobre igualdade de g\u00eanero nas escolas, como demandam os pr\u00f3prios jovens.<\/p>\n<p><em>Para a pesquisa \u201cPerspectivas sobre a igualdade de g\u00eanero, o feminismo, a viol\u00eancia de g\u00eanero e as rela\u00e7\u00f5es afetivo-sexuais\u201d foram entrevistados 1.592 jovens de 14 a 29 anos, na Espanha, no Chile, no M\u00e9xico e no Brasil, entre os dias 7 e 11 de fevereiro de 2022. A margem de erro \u00e9 de 4,9%.<\/em><\/p>\n                <\/div>\n            <\/div>\n        <\/div>\n    <\/div>\n<\/section>\t\t\t\t<\/div>\n\t\t\t\t<\/div>\n\t\t\t\t<div class=\"elementor-element elementor-element-543271c elementor-widget elementor-widget-portada-carrusel-logos\" data-id=\"543271c\" data-element_type=\"widget\" data-widget_type=\"portada-carrusel-logos.default\">\n\t\t\t\t<div class=\"elementor-widget-container\">\n\t\t\t\t\t<!-- Bloque contenidos: Botones CTA + Enlaces -->\n<section class=\"bloque bloque-botonera-cta-enlace  \">\n    <div class=\"container\">\n                <div class=\"row\">\n            <div class=\"col-12 col-lg-5 offset-lg-1\">\n                <h2 class=\"titulos\" data-aos=\"fade-left\" data-aos-duration=\"700\">Apresenta\u00e7\u00e3o de resultados<\/h2>            <\/div>\n        <\/div>\n                <div class=\"row\">\n            <div class=\"col-12 col-lg-8 offset-lg-3\">  \n                <div class=\"row row-cols-auto\">\n                                            <div class=\"col-6\" data-aos=\"fade\" data-aos-duration=\"700\">\n                            <a href=\"https:\/\/redgesm.sharepoint.com\/:b:\/s\/WebsFundacinSM\/EQ-3DfSgwi9OkKe54_RnlpkBodoNb_s1wMbTtU80uw6QTw?e=dc0qb8\" class=\"btn btn-primary\" title=\"Brasil\" target=\"_blank\">Brasil <i aria-hidden=\"true\" class=\"far fa-arrow-alt-circle-right\"><\/i><\/a>\n                        <\/div>\n                                                <div class=\"col-6\" data-aos=\"fade\" data-aos-duration=\"700\">\n                            <a href=\"https:\/\/redgesm.sharepoint.com\/:b:\/s\/WebsFundacinSM\/EX-LQBK1-lpPj8ieSHXab-ABCurcFi7nr3weKJn_m1GS8A?e=D1zQSH\" class=\"btn btn-primary\" title=\"Chile\" target=\"_blank\">Chile <i aria-hidden=\"true\" class=\"far fa-arrow-alt-circle-right\"><\/i><\/a>\n                        <\/div>\n                                                <div class=\"col-6\" data-aos=\"fade\" data-aos-duration=\"700\">\n                            <a href=\"https:\/\/redgesm.sharepoint.com\/:b:\/s\/WebsFundacinSM\/EWgIaOI091tJjD5Wx13Qk9ABmLkchxCUw_JB-OAT_xH40Q?e=qyJJpK\" class=\"btn btn-primary\" title=\"Espanha\" target=\"_blank\">Espanha <i aria-hidden=\"true\" class=\"far fa-arrow-alt-circle-right\"><\/i><\/a>\n                        <\/div>\n                                                <div class=\"col-6\" data-aos=\"fade\" data-aos-duration=\"700\">\n                            <a href=\"https:\/\/redgesm.sharepoint.com\/:b:\/s\/WebsFundacinSM\/EbaivLxTs1RNmiueK9Rq5rMB2tFvCfWdlPgFRKVcCWgAfA?e=d3gjvf\" class=\"btn btn-primary\" title=\"M\u00e9xico\" target=\"_blank\">M\u00e9xico <i aria-hidden=\"true\" class=\"far fa-arrow-alt-circle-right\"><\/i><\/a>\n                        <\/div>\n                                                            <\/div>\n            <\/div>\n        <\/div>\n    <\/div>\n<\/section>\t\t\t\t<\/div>\n\t\t\t\t<\/div>\n\t\t\t\t<div class=\"elementor-element elementor-element-86545de elementor-widget elementor-widget-bloque-texto\" data-id=\"86545de\" data-element_type=\"widget\" data-widget_type=\"bloque-texto.default\">\n\t\t\t\t<div class=\"elementor-widget-container\">\n\t\t\t\t\t<!-- Texto -->\n<section class=\"bloque bloque-texto padding-interno \">\n    <div class=\"container\">\n                <div class=\"row\">\n            <div class=\"col-12 col-lg-8 offset-lg-3\">\n                <div class=\"the_content\" data-aos=\"fade-up\" data-aos-duration=\"700\">\n                                        <p><em><strong>Pesquisas flash<\/strong> \u00e9 uma iniciativa que faz parte do extenso trabalho que a Funda\u00e7\u00e3o SM desenvolve a partir do Observat\u00f3rio da Juventude na Ibero-Am\u00e9rica. O seu objetivo \u00e9 captar, em pouco tempo e simultaneamente em quatro pa\u00edses, a opini\u00e3o dos jovens sobre uma quest\u00e3o espec\u00edfica e, ent\u00e3o, compartilhar a an\u00e1lise dos dados e o relat\u00f3rio dos resultados de maneira \u00e1gil. \u00c9 uma maneira de ajudar as escolas e entidades educativas na tomada de decis\u00f5es para uma educa\u00e7\u00e3o de qualidade para as crian\u00e7as e os jovens.<br \/><\/em><\/p>\n                <\/div>\n            <\/div>\n        <\/div>\n    <\/div>\n<\/section>\t\t\t\t<\/div>\n\t\t\t\t<\/div>\n\t\t\t\t<div class=\"elementor-element elementor-element-3071bd1 elementor-widget elementor-widget-bloque-autor\" data-id=\"3071bd1\" data-element_type=\"widget\" data-widget_type=\"bloque-autor.default\">\n\t\t\t\t<div class=\"elementor-widget-container\">\n\t\t\t\t\t\n<section class=\"bloque bloque-autor  \">\n    <div class=\"container\">\n        <div class=\"row\">\n            <div class=\"col-12 col-lg-8 offset-lg-3\">\n                <div class=\"datos d-flex align-items-center\" data-aos=\"fade\" data-aos-delay=\"600\" data-aos-duration=\"800\">\n                    <div class=\"imagen\" ><img decoding=\"async\" src=\"https:\/\/oji.fundacion-sm.org\/wp-content\/uploads\/sites\/4\/2021\/04\/OJI-logo.png\" class=\"img-fluid\" alt=\"Logo del Observatorio de la Juventud en Iberoam\u00e9rica (OJI)\"><\/div>\n                    <div class=\"datos-content\">\n                        <p class=\"subtitulos\">OJI<\/p>\n                                                                    <\/div>\n                <\/div>\n            <\/div>\n        <\/div>\n    <\/div>\n<\/section>\t\t\t\t<\/div>\n\t\t\t\t<\/div>\n\t\t\t\t<div class=\"elementor-element elementor-element-050ae46 elementor-widget elementor-widget-bloque-blog-2\" data-id=\"050ae46\" data-element_type=\"widget\" data-widget_type=\"bloque-blog-2.default\">\n\t\t\t\t<div class=\"elementor-widget-container\">\n\t\t\t\t\t<!-- Bloque Blog -->\n<div class=\"container\">\n    <div class=\"row titulo-con-enlace\">\n        <div class=\"col-12\">\n            <h2 class=\"titulos\" data-aos=\"fade-left\" data-aos-duration=\"700\">Voc\u00ea pode gostar...<\/h2>                        <a href=\"https:\/\/oji.fundacion-sm.org\/pt-br\/em-foco\/\" data-aos=\"fade-right\" data-aos-duration=\"700\" class=\"enlace btn-arrow\" title=\"Ver mais\"><span>Ver mais<\/span><\/a>\n                    <\/div>\n    <\/div>\n<\/div>\n\n        <section class=\"bloque bloque-blog-listado  diseno-descifrando\">\n            <div class=\"container\">\n                <div class=\"row justify-content-center\">\n                    <div class=\"col-12 col-lg-10\">\n                        <ul class=\"listado row g-4 g-lg-5 ultimas\">                                       \n                            <li class=\"col-12 col-sm-6 d-flex align-items-stretch\" data-aos=\"fade-up\" data-aos-delay=\"200\" data-aos-duration=\"700\">\n        <a class=\"noticia \" href=\"https:\/\/oji.fundacion-sm.org\/pt-br\/em-foco\/formacao-foco-pt-br\/pesquisas-flash-por-que-estudamos\/\">\n    <div class=\"datos\">\n        <div class=\"categoria\">Forma\u00e7\u00e3o<\/div>\n        <div class=\"fecha\">10 setembro 2024<\/div>\n        <h3 class=\"subtitulos\">PESQUISAS FLASH: Por que estudamos?<\/h3>\n    <\/div>\n    <div class=\"image\">\n        <img fetchpriority=\"high\" decoding=\"async\" width=\"890\" height=\"540\" src=\"https:\/\/oji.fundacion-sm.org\/wp-content\/uploads\/sites\/4\/2024\/08\/Captura-de-pantalla-2024-08-01-142814-890x540.jpg\" class=\"img-fluid wp-post-image\" alt=\"\" \/>    <\/div>\n<\/a>    <\/li>\n                            <li class=\"col-12 col-sm-6 d-flex align-items-stretch\" data-aos=\"fade-up\" data-aos-delay=\"500\" data-aos-duration=\"700\">\n        <a class=\"noticia \" href=\"https:\/\/oji.fundacion-sm.org\/pt-br\/em-foco\/formacao-foco-pt-br\/pesquisa-flash-por-que-estudamos\/\">\n    <div class=\"datos\">\n        <div class=\"categoria\">Forma\u00e7\u00e3o<\/div>\n        <div class=\"fecha\">31 maio 2023<\/div>\n        <h3 class=\"subtitulos\">PESQUISAS FLASH: Por que estudamos?<\/h3>\n    <\/div>\n    <div class=\"image\">\n        <img decoding=\"async\" width=\"890\" height=\"560\" src=\"https:\/\/oji.fundacion-sm.org\/wp-content\/uploads\/sites\/4\/2023\/08\/sondeo-flash-por-que-estudiamos-890x560.png\" class=\"img-fluid wp-post-image\" alt=\"\" \/>    <\/div>\n<\/a>    <\/li>\n                        <\/ul>\n            <\/div>\n        <\/div>\n            <\/div>\n<\/section>\n\t\t\t\t<\/div>\n\t\t\t\t<\/div>\n\t\t\t\t<div class=\"elementor-element elementor-element-b488442 elementor-widget elementor-widget-bloque-videos\" data-id=\"b488442\" data-element_type=\"widget\" data-widget_type=\"bloque-videos.default\">\n\t\t\t\t<div class=\"elementor-widget-container\">\n\t\t\t\t\t<!-- Videos -->\n<section class=\"bloque bloque-videos-listado diseno-video \">\n    <div class=\"container \">\n        <div class=\"row titulo-con-enlace\">\n            <div class=\"col-12\">\n                <h2 class=\"titulos\" data-aos=\"fade-left\" data-aos-duration=\"700\">Videoteca<\/h2>                                <a href=\"https:\/\/oji.fundacion-sm.org\/pt-br\/biblioteca-de-videos\/\" data-aos=\"fade-right\" data-aos-duration=\"700\" class=\"enlace btn-arrow\" title=\"Ver mais\"><span>Ver mais<\/span><\/a>\n                            <\/div>\n        <\/div>\n    <div class=\"background\">\n                <div class=\"row justify-content-center gy-4 gy-lg-5\">\n                <div class=\"col-12 col-lg-10\">\n                    <div class=\"listado row g-4 g-lg-5\">\n                                                    <div class=\"col-12 col-sm-4 d-flex align-items-stretch\" data-aos=\"fade-up\" data-aos-delay=\"200\" data-aos-duration=\"700\">\n                                <a class=\"noticia \" href=\"https:\/\/oji.fundacion-sm.org\/pt-br\/biblioteca-de-videos\/virada-educacao-encontros-no-territorio-educador\/\">\n    <div class=\"image\">\n                <img decoding=\"async\" src=\"https:\/\/img.youtube.com\/vi\/bn_kvwpou1o\/maxresdefault.jpg\" class=\"img-fluid\" alt=\"Fotograf\u00eda ilustrativa del video: Virada Educa\u00e7\u00e3o \u2013 Encontros no territ\u00f3rio educador\" \/>\n    <\/div>\n    <div class=\"datos\">\n                <h3 class=\"subtitulos\">Virada Educa\u00e7\u00e3o \u2013 Encontros no territ\u00f3rio educador<\/h3>\n    <\/div>\n<\/a>                                <\/div>\n                                                            <div class=\"col-12 col-sm-4 d-flex align-items-stretch\" data-aos=\"fade-up\" data-aos-delay=\"500\" data-aos-duration=\"700\">\n                                <a class=\"noticia \" href=\"https:\/\/oji.fundacion-sm.org\/pt-br\/biblioteca-de-videos\/bastidores-em-cena\/\">\n    <div class=\"image\">\n                <img decoding=\"async\" src=\"https:\/\/img.youtube.com\/vi\/B61By7qecKE\/maxresdefault.jpg\" class=\"img-fluid\" alt=\"Fotograf\u00eda ilustrativa del video: Bastidores em cena &#8211; Oficina de Forma\u00e7\u00e3o Audiovisual\" \/>\n    <\/div>\n    <div class=\"datos\">\n                <h3 class=\"subtitulos\">Bastidores em cena &#8211; Oficina de Forma\u00e7\u00e3o Audiovisual<\/h3>\n    <\/div>\n<\/a>                                <\/div>\n                                                <\/div>\n                <\/div>\n            <\/div>\n        <\/div>\n    <\/div>\n<\/section>\t\t\t\t<\/div>\n\t\t\t\t<\/div>\n\t\t\t\t\t<\/div>\n\t\t<\/div>\n\t\t\t\t\t<\/div>\n\t\t<\/section>\n\t\t\t\t<\/div>\n\t\t","protected":false},"excerpt":{"rendered":"<p>\u201cPerspectivas sobre a igualdade de g\u00eanero, o feminismo, a viol\u00eancia de g\u00e9nero e as rela\u00e7\u00f5es afetivo-sexuais\u201d\u00e9 a primeira de uma s\u00e9rie de enquetes cujo objetivo \u00e9 conhecer a opini\u00e3o dos jovens e das jovens com idades entre 15 e 29 anos residentes em quatro pa\u00edses onde a Funda\u00e7\u00e3o SM est\u00e1 presente (Espanha, M\u00e9xico, Brasil e [&hellip;]<\/p>\n","protected":false},"author":1,"featured_media":960,"comment_status":"closed","ping_status":"closed","sticky":false,"template":"","format":"standard","meta":{"_acf_changed":false,"footnotes":""},"categories":[15,115,117,121],"tags":[],"class_list":["post-4103","post","type-post","status-publish","format-standard","has-post-thumbnail","hentry","category-em-foco","category-genero-foco-pt-br","category-integracao-social-foco-pt-br","category-participacao-politica-foco-pt-br"],"acf":[],"yoast_head":"<!-- This site is optimized with the Yoast SEO plugin v26.7 - https:\/\/yoast.com\/wordpress\/plugins\/seo\/ -->\n<title>PESQUISAS FLASH: Enquete 1. Igualdade de g\u00eanero - Observat\u00f3rio da Juventude na Ibero-Am\u00e9rica (OJI)<\/title>\n<meta name=\"description\" content=\"\u201cPerspectivas sobre a igualdade de g\u00eanero, o feminismo, a viol\u00eancia de g\u00e9nero e as rela\u00e7\u00f5es afetivo-sexuais\u201d\u00e9 a primeira de uma s\u00e9rie de enquetes cujo objetivo \u00e9 conhecer a opini\u00e3o dos jovens e das jovens com idades entre 15 e 29 anos residentes em quatro pa\u00edses onde a Funda\u00e7\u00e3o SM est\u00e1 presente (Espanha, M\u00e9xico, Brasil e Chile).\" \/>\n<meta name=\"robots\" content=\"index, follow, max-snippet:-1, max-image-preview:large, max-video-preview:-1\" \/>\n<link rel=\"canonical\" href=\"https:\/\/oji.fundacion-sm.org\/pt-br\/em-foco\/genero-foco-pt-br\/pesquisas-flash-enquete-1-igualdade-de-genero\/\" \/>\n<meta property=\"og:locale\" content=\"pt_BR\" \/>\n<meta property=\"og:type\" content=\"article\" \/>\n<meta property=\"og:title\" content=\"PESQUISAS FLASH: Enquete 1. Igualdade de g\u00eanero - Observat\u00f3rio da Juventude na Ibero-Am\u00e9rica (OJI)\" \/>\n<meta property=\"og:description\" content=\"\u201cPerspectivas sobre a igualdade de g\u00eanero, o feminismo, a viol\u00eancia de g\u00e9nero e as rela\u00e7\u00f5es afetivo-sexuais\u201d\u00e9 a primeira de uma s\u00e9rie de enquetes cujo objetivo \u00e9 conhecer a opini\u00e3o dos jovens e das jovens com idades entre 15 e 29 anos residentes em quatro pa\u00edses onde a Funda\u00e7\u00e3o SM est\u00e1 presente (Espanha, M\u00e9xico, Brasil e Chile).\" \/>\n<meta property=\"og:url\" content=\"https:\/\/oji.fundacion-sm.org\/pt-br\/em-foco\/genero-foco-pt-br\/pesquisas-flash-enquete-1-igualdade-de-genero\/\" \/>\n<meta property=\"og:site_name\" content=\"Observat\u00f3rio da Juventude na Ibero-Am\u00e9rica (OJI)\" \/>\n<meta property=\"article:published_time\" content=\"2022-03-16T07:24:00+00:00\" \/>\n<meta property=\"article:modified_time\" content=\"2023-11-09T06:38:45+00:00\" \/>\n<meta property=\"og:image\" content=\"https:\/\/oji.fundacion-sm.org\/wp-content\/uploads\/sites\/4\/2023\/08\/sondeo-flash-igualdad-genero.png\" \/>\n\t<meta property=\"og:image:width\" content=\"1018\" \/>\n\t<meta property=\"og:image:height\" content=\"560\" \/>\n\t<meta property=\"og:image:type\" content=\"image\/png\" \/>\n<meta name=\"author\" content=\"Ra\u00fal Rockin&#039;Pixels\" \/>\n<meta name=\"twitter:card\" content=\"summary_large_image\" \/>\n<script type=\"application\/ld+json\" class=\"yoast-schema-graph\">{\"@context\":\"https:\/\/schema.org\",\"@graph\":[{\"@type\":\"Article\",\"@id\":\"https:\/\/oji.fundacion-sm.org\/pt-br\/em-foco\/genero-foco-pt-br\/pesquisas-flash-enquete-1-igualdade-de-genero\/#article\",\"isPartOf\":{\"@id\":\"https:\/\/oji.fundacion-sm.org\/pt-br\/em-foco\/genero-foco-pt-br\/pesquisas-flash-enquete-1-igualdade-de-genero\/\"},\"author\":{\"name\":\"Ra\u00fal Rockin'Pixels\",\"@id\":\"https:\/\/oji.fundacion-sm.org\/pt-br\/#\/schema\/person\/5cb836679a0b57d05045a0d9f8f3116b\"},\"headline\":\"PESQUISAS FLASH: Enquete 1. Igualdade de g\u00eanero\",\"datePublished\":\"2022-03-16T07:24:00+00:00\",\"dateModified\":\"2023-11-09T06:38:45+00:00\",\"mainEntityOfPage\":{\"@id\":\"https:\/\/oji.fundacion-sm.org\/pt-br\/em-foco\/genero-foco-pt-br\/pesquisas-flash-enquete-1-igualdade-de-genero\/\"},\"wordCount\":658,\"publisher\":{\"@id\":\"https:\/\/oji.fundacion-sm.org\/pt-br\/#organization\"},\"image\":{\"@id\":\"https:\/\/oji.fundacion-sm.org\/pt-br\/em-foco\/genero-foco-pt-br\/pesquisas-flash-enquete-1-igualdade-de-genero\/#primaryimage\"},\"thumbnailUrl\":\"https:\/\/oji.fundacion-sm.org\/wp-content\/uploads\/sites\/4\/2023\/08\/sondeo-flash-igualdad-genero.png\",\"articleSection\":[\"Em foco\",\"G\u00eanero\",\"Integra\u00e7\u00e3o social\",\"Participa\u00e7\u00e3o Pol\u00edtica\"],\"inLanguage\":\"pt-BR\"},{\"@type\":\"WebPage\",\"@id\":\"https:\/\/oji.fundacion-sm.org\/pt-br\/em-foco\/genero-foco-pt-br\/pesquisas-flash-enquete-1-igualdade-de-genero\/\",\"url\":\"https:\/\/oji.fundacion-sm.org\/pt-br\/em-foco\/genero-foco-pt-br\/pesquisas-flash-enquete-1-igualdade-de-genero\/\",\"name\":\"PESQUISAS FLASH: Enquete 1. Igualdade de g\u00eanero - Observat\u00f3rio da Juventude na Ibero-Am\u00e9rica (OJI)\",\"isPartOf\":{\"@id\":\"https:\/\/oji.fundacion-sm.org\/pt-br\/#website\"},\"primaryImageOfPage\":{\"@id\":\"https:\/\/oji.fundacion-sm.org\/pt-br\/em-foco\/genero-foco-pt-br\/pesquisas-flash-enquete-1-igualdade-de-genero\/#primaryimage\"},\"image\":{\"@id\":\"https:\/\/oji.fundacion-sm.org\/pt-br\/em-foco\/genero-foco-pt-br\/pesquisas-flash-enquete-1-igualdade-de-genero\/#primaryimage\"},\"thumbnailUrl\":\"https:\/\/oji.fundacion-sm.org\/wp-content\/uploads\/sites\/4\/2023\/08\/sondeo-flash-igualdad-genero.png\",\"datePublished\":\"2022-03-16T07:24:00+00:00\",\"dateModified\":\"2023-11-09T06:38:45+00:00\",\"description\":\"\u201cPerspectivas sobre a igualdade de g\u00eanero, o feminismo, a viol\u00eancia de g\u00e9nero e as rela\u00e7\u00f5es afetivo-sexuais\u201d\u00e9 a primeira de uma s\u00e9rie de enquetes cujo objetivo \u00e9 conhecer a opini\u00e3o dos jovens e das jovens com idades entre 15 e 29 anos residentes em quatro pa\u00edses onde a Funda\u00e7\u00e3o SM est\u00e1 presente (Espanha, M\u00e9xico, Brasil e Chile).\",\"breadcrumb\":{\"@id\":\"https:\/\/oji.fundacion-sm.org\/pt-br\/em-foco\/genero-foco-pt-br\/pesquisas-flash-enquete-1-igualdade-de-genero\/#breadcrumb\"},\"inLanguage\":\"pt-BR\",\"potentialAction\":[{\"@type\":\"ReadAction\",\"target\":[\"https:\/\/oji.fundacion-sm.org\/pt-br\/em-foco\/genero-foco-pt-br\/pesquisas-flash-enquete-1-igualdade-de-genero\/\"]}]},{\"@type\":\"ImageObject\",\"inLanguage\":\"pt-BR\",\"@id\":\"https:\/\/oji.fundacion-sm.org\/pt-br\/em-foco\/genero-foco-pt-br\/pesquisas-flash-enquete-1-igualdade-de-genero\/#primaryimage\",\"url\":\"https:\/\/oji.fundacion-sm.org\/wp-content\/uploads\/sites\/4\/2023\/08\/sondeo-flash-igualdad-genero.png\",\"contentUrl\":\"https:\/\/oji.fundacion-sm.org\/wp-content\/uploads\/sites\/4\/2023\/08\/sondeo-flash-igualdad-genero.png\",\"width\":1018,\"height\":560},{\"@type\":\"BreadcrumbList\",\"@id\":\"https:\/\/oji.fundacion-sm.org\/pt-br\/em-foco\/genero-foco-pt-br\/pesquisas-flash-enquete-1-igualdade-de-genero\/#breadcrumb\",\"itemListElement\":[{\"@type\":\"ListItem\",\"position\":1,\"name\":\"Home\",\"item\":\"https:\/\/oji.fundacion-sm.org\/pt-br\/\"},{\"@type\":\"ListItem\",\"position\":2,\"name\":\"Em foco\",\"item\":\"https:\/\/oji.fundacion-sm.org\/pt-br\/em-foco\/\"},{\"@type\":\"ListItem\",\"position\":3,\"name\":\"G\u00eanero\",\"item\":\"https:\/\/oji.fundacion-sm.org\/pt-br\/em-foco\/genero-foco-pt-br\/\"},{\"@type\":\"ListItem\",\"position\":4,\"name\":\"PESQUISAS FLASH: Enquete 1. Igualdade de g\u00eanero\"}]},{\"@type\":\"WebSite\",\"@id\":\"https:\/\/oji.fundacion-sm.org\/pt-br\/#website\",\"url\":\"https:\/\/oji.fundacion-sm.org\/pt-br\/\",\"name\":\"Observat\u00f3rio da Juventude na Ibero-Am\u00e9rica (OJI)\",\"description\":\"Somos un programa de la Fundaci\u00f3n SM con vocaci\u00f3n de agrupar conocimiento, ser un lugar de referencia y servir de nexo de uni\u00f3n entre distintos observatorios y estudios sobre juventud e Iberoam\u00e9rica.\",\"publisher\":{\"@id\":\"https:\/\/oji.fundacion-sm.org\/pt-br\/#organization\"},\"potentialAction\":[{\"@type\":\"SearchAction\",\"target\":{\"@type\":\"EntryPoint\",\"urlTemplate\":\"https:\/\/oji.fundacion-sm.org\/pt-br\/?s={search_term_string}\"},\"query-input\":{\"@type\":\"PropertyValueSpecification\",\"valueRequired\":true,\"valueName\":\"search_term_string\"}}],\"inLanguage\":\"pt-BR\"},{\"@type\":\"Organization\",\"@id\":\"https:\/\/oji.fundacion-sm.org\/pt-br\/#organization\",\"name\":\"Fundaci\u00f3n SM\",\"url\":\"https:\/\/oji.fundacion-sm.org\/pt-br\/\",\"logo\":{\"@type\":\"ImageObject\",\"inLanguage\":\"pt-BR\",\"@id\":\"https:\/\/oji.fundacion-sm.org\/pt-br\/#\/schema\/logo\/image\/\",\"url\":\"https:\/\/oji.fundacion-sm.org\/wp-content\/uploads\/sites\/4\/2023\/10\/logotipo-fundacion-sm.png\",\"contentUrl\":\"https:\/\/oji.fundacion-sm.org\/wp-content\/uploads\/sites\/4\/2023\/10\/logotipo-fundacion-sm.png\",\"width\":447,\"height\":85,\"caption\":\"Fundaci\u00f3n SM\"},\"image\":{\"@id\":\"https:\/\/oji.fundacion-sm.org\/pt-br\/#\/schema\/logo\/image\/\"}},{\"@type\":\"Person\",\"@id\":\"https:\/\/oji.fundacion-sm.org\/pt-br\/#\/schema\/person\/5cb836679a0b57d05045a0d9f8f3116b\",\"name\":\"Ra\u00fal Rockin'Pixels\",\"sameAs\":[\"https:\/\/fundacion-sm.org\"]}]}<\/script>\n<!-- \/ Yoast SEO plugin. -->","yoast_head_json":{"title":"PESQUISAS FLASH: Enquete 1. Igualdade de g\u00eanero - Observat\u00f3rio da Juventude na Ibero-Am\u00e9rica (OJI)","description":"\u201cPerspectivas sobre a igualdade de g\u00eanero, o feminismo, a viol\u00eancia de g\u00e9nero e as rela\u00e7\u00f5es afetivo-sexuais\u201d\u00e9 a primeira de uma s\u00e9rie de enquetes cujo objetivo \u00e9 conhecer a opini\u00e3o dos jovens e das jovens com idades entre 15 e 29 anos residentes em quatro pa\u00edses onde a Funda\u00e7\u00e3o SM est\u00e1 presente (Espanha, M\u00e9xico, Brasil e Chile).","robots":{"index":"index","follow":"follow","max-snippet":"max-snippet:-1","max-image-preview":"max-image-preview:large","max-video-preview":"max-video-preview:-1"},"canonical":"https:\/\/oji.fundacion-sm.org\/pt-br\/em-foco\/genero-foco-pt-br\/pesquisas-flash-enquete-1-igualdade-de-genero\/","og_locale":"pt_BR","og_type":"article","og_title":"PESQUISAS FLASH: Enquete 1. Igualdade de g\u00eanero - Observat\u00f3rio da Juventude na Ibero-Am\u00e9rica (OJI)","og_description":"\u201cPerspectivas sobre a igualdade de g\u00eanero, o feminismo, a viol\u00eancia de g\u00e9nero e as rela\u00e7\u00f5es afetivo-sexuais\u201d\u00e9 a primeira de uma s\u00e9rie de enquetes cujo objetivo \u00e9 conhecer a opini\u00e3o dos jovens e das jovens com idades entre 15 e 29 anos residentes em quatro pa\u00edses onde a Funda\u00e7\u00e3o SM est\u00e1 presente (Espanha, M\u00e9xico, Brasil e Chile).","og_url":"https:\/\/oji.fundacion-sm.org\/pt-br\/em-foco\/genero-foco-pt-br\/pesquisas-flash-enquete-1-igualdade-de-genero\/","og_site_name":"Observat\u00f3rio da Juventude na Ibero-Am\u00e9rica (OJI)","article_published_time":"2022-03-16T07:24:00+00:00","article_modified_time":"2023-11-09T06:38:45+00:00","og_image":[{"width":1018,"height":560,"url":"https:\/\/oji.fundacion-sm.org\/wp-content\/uploads\/sites\/4\/2023\/08\/sondeo-flash-igualdad-genero.png","type":"image\/png"}],"author":"Ra\u00fal Rockin'Pixels","twitter_card":"summary_large_image","schema":{"@context":"https:\/\/schema.org","@graph":[{"@type":"Article","@id":"https:\/\/oji.fundacion-sm.org\/pt-br\/em-foco\/genero-foco-pt-br\/pesquisas-flash-enquete-1-igualdade-de-genero\/#article","isPartOf":{"@id":"https:\/\/oji.fundacion-sm.org\/pt-br\/em-foco\/genero-foco-pt-br\/pesquisas-flash-enquete-1-igualdade-de-genero\/"},"author":{"name":"Ra\u00fal Rockin'Pixels","@id":"https:\/\/oji.fundacion-sm.org\/pt-br\/#\/schema\/person\/5cb836679a0b57d05045a0d9f8f3116b"},"headline":"PESQUISAS FLASH: Enquete 1. Igualdade de g\u00eanero","datePublished":"2022-03-16T07:24:00+00:00","dateModified":"2023-11-09T06:38:45+00:00","mainEntityOfPage":{"@id":"https:\/\/oji.fundacion-sm.org\/pt-br\/em-foco\/genero-foco-pt-br\/pesquisas-flash-enquete-1-igualdade-de-genero\/"},"wordCount":658,"publisher":{"@id":"https:\/\/oji.fundacion-sm.org\/pt-br\/#organization"},"image":{"@id":"https:\/\/oji.fundacion-sm.org\/pt-br\/em-foco\/genero-foco-pt-br\/pesquisas-flash-enquete-1-igualdade-de-genero\/#primaryimage"},"thumbnailUrl":"https:\/\/oji.fundacion-sm.org\/wp-content\/uploads\/sites\/4\/2023\/08\/sondeo-flash-igualdad-genero.png","articleSection":["Em foco","G\u00eanero","Integra\u00e7\u00e3o social","Participa\u00e7\u00e3o Pol\u00edtica"],"inLanguage":"pt-BR"},{"@type":"WebPage","@id":"https:\/\/oji.fundacion-sm.org\/pt-br\/em-foco\/genero-foco-pt-br\/pesquisas-flash-enquete-1-igualdade-de-genero\/","url":"https:\/\/oji.fundacion-sm.org\/pt-br\/em-foco\/genero-foco-pt-br\/pesquisas-flash-enquete-1-igualdade-de-genero\/","name":"PESQUISAS FLASH: Enquete 1. Igualdade de g\u00eanero - Observat\u00f3rio da Juventude na Ibero-Am\u00e9rica (OJI)","isPartOf":{"@id":"https:\/\/oji.fundacion-sm.org\/pt-br\/#website"},"primaryImageOfPage":{"@id":"https:\/\/oji.fundacion-sm.org\/pt-br\/em-foco\/genero-foco-pt-br\/pesquisas-flash-enquete-1-igualdade-de-genero\/#primaryimage"},"image":{"@id":"https:\/\/oji.fundacion-sm.org\/pt-br\/em-foco\/genero-foco-pt-br\/pesquisas-flash-enquete-1-igualdade-de-genero\/#primaryimage"},"thumbnailUrl":"https:\/\/oji.fundacion-sm.org\/wp-content\/uploads\/sites\/4\/2023\/08\/sondeo-flash-igualdad-genero.png","datePublished":"2022-03-16T07:24:00+00:00","dateModified":"2023-11-09T06:38:45+00:00","description":"\u201cPerspectivas sobre a igualdade de g\u00eanero, o feminismo, a viol\u00eancia de g\u00e9nero e as rela\u00e7\u00f5es afetivo-sexuais\u201d\u00e9 a primeira de uma s\u00e9rie de enquetes cujo objetivo \u00e9 conhecer a opini\u00e3o dos jovens e das jovens com idades entre 15 e 29 anos residentes em quatro pa\u00edses onde a Funda\u00e7\u00e3o SM est\u00e1 presente (Espanha, M\u00e9xico, Brasil e Chile).","breadcrumb":{"@id":"https:\/\/oji.fundacion-sm.org\/pt-br\/em-foco\/genero-foco-pt-br\/pesquisas-flash-enquete-1-igualdade-de-genero\/#breadcrumb"},"inLanguage":"pt-BR","potentialAction":[{"@type":"ReadAction","target":["https:\/\/oji.fundacion-sm.org\/pt-br\/em-foco\/genero-foco-pt-br\/pesquisas-flash-enquete-1-igualdade-de-genero\/"]}]},{"@type":"ImageObject","inLanguage":"pt-BR","@id":"https:\/\/oji.fundacion-sm.org\/pt-br\/em-foco\/genero-foco-pt-br\/pesquisas-flash-enquete-1-igualdade-de-genero\/#primaryimage","url":"https:\/\/oji.fundacion-sm.org\/wp-content\/uploads\/sites\/4\/2023\/08\/sondeo-flash-igualdad-genero.png","contentUrl":"https:\/\/oji.fundacion-sm.org\/wp-content\/uploads\/sites\/4\/2023\/08\/sondeo-flash-igualdad-genero.png","width":1018,"height":560},{"@type":"BreadcrumbList","@id":"https:\/\/oji.fundacion-sm.org\/pt-br\/em-foco\/genero-foco-pt-br\/pesquisas-flash-enquete-1-igualdade-de-genero\/#breadcrumb","itemListElement":[{"@type":"ListItem","position":1,"name":"Home","item":"https:\/\/oji.fundacion-sm.org\/pt-br\/"},{"@type":"ListItem","position":2,"name":"Em foco","item":"https:\/\/oji.fundacion-sm.org\/pt-br\/em-foco\/"},{"@type":"ListItem","position":3,"name":"G\u00eanero","item":"https:\/\/oji.fundacion-sm.org\/pt-br\/em-foco\/genero-foco-pt-br\/"},{"@type":"ListItem","position":4,"name":"PESQUISAS FLASH: Enquete 1. Igualdade de g\u00eanero"}]},{"@type":"WebSite","@id":"https:\/\/oji.fundacion-sm.org\/pt-br\/#website","url":"https:\/\/oji.fundacion-sm.org\/pt-br\/","name":"Observat\u00f3rio da Juventude na Ibero-Am\u00e9rica (OJI)","description":"Somos un programa de la Fundaci\u00f3n SM con vocaci\u00f3n de agrupar conocimiento, ser un lugar de referencia y servir de nexo de uni\u00f3n entre distintos observatorios y estudios sobre juventud e Iberoam\u00e9rica.","publisher":{"@id":"https:\/\/oji.fundacion-sm.org\/pt-br\/#organization"},"potentialAction":[{"@type":"SearchAction","target":{"@type":"EntryPoint","urlTemplate":"https:\/\/oji.fundacion-sm.org\/pt-br\/?s={search_term_string}"},"query-input":{"@type":"PropertyValueSpecification","valueRequired":true,"valueName":"search_term_string"}}],"inLanguage":"pt-BR"},{"@type":"Organization","@id":"https:\/\/oji.fundacion-sm.org\/pt-br\/#organization","name":"Fundaci\u00f3n SM","url":"https:\/\/oji.fundacion-sm.org\/pt-br\/","logo":{"@type":"ImageObject","inLanguage":"pt-BR","@id":"https:\/\/oji.fundacion-sm.org\/pt-br\/#\/schema\/logo\/image\/","url":"https:\/\/oji.fundacion-sm.org\/wp-content\/uploads\/sites\/4\/2023\/10\/logotipo-fundacion-sm.png","contentUrl":"https:\/\/oji.fundacion-sm.org\/wp-content\/uploads\/sites\/4\/2023\/10\/logotipo-fundacion-sm.png","width":447,"height":85,"caption":"Fundaci\u00f3n SM"},"image":{"@id":"https:\/\/oji.fundacion-sm.org\/pt-br\/#\/schema\/logo\/image\/"}},{"@type":"Person","@id":"https:\/\/oji.fundacion-sm.org\/pt-br\/#\/schema\/person\/5cb836679a0b57d05045a0d9f8f3116b","name":"Ra\u00fal Rockin'Pixels","sameAs":["https:\/\/fundacion-sm.org"]}]}},"_links":{"self":[{"href":"https:\/\/oji.fundacion-sm.org\/pt-br\/wp-json\/wp\/v2\/posts\/4103","targetHints":{"allow":["GET"]}}],"collection":[{"href":"https:\/\/oji.fundacion-sm.org\/pt-br\/wp-json\/wp\/v2\/posts"}],"about":[{"href":"https:\/\/oji.fundacion-sm.org\/pt-br\/wp-json\/wp\/v2\/types\/post"}],"author":[{"embeddable":true,"href":"https:\/\/oji.fundacion-sm.org\/pt-br\/wp-json\/wp\/v2\/users\/1"}],"replies":[{"embeddable":true,"href":"https:\/\/oji.fundacion-sm.org\/pt-br\/wp-json\/wp\/v2\/comments?post=4103"}],"version-history":[{"count":5,"href":"https:\/\/oji.fundacion-sm.org\/pt-br\/wp-json\/wp\/v2\/posts\/4103\/revisions"}],"predecessor-version":[{"id":4110,"href":"https:\/\/oji.fundacion-sm.org\/pt-br\/wp-json\/wp\/v2\/posts\/4103\/revisions\/4110"}],"wp:featuredmedia":[{"embeddable":true,"href":"https:\/\/oji.fundacion-sm.org\/pt-br\/wp-json\/wp\/v2\/media\/960"}],"wp:attachment":[{"href":"https:\/\/oji.fundacion-sm.org\/pt-br\/wp-json\/wp\/v2\/media?parent=4103"}],"wp:term":[{"taxonomy":"category","embeddable":true,"href":"https:\/\/oji.fundacion-sm.org\/pt-br\/wp-json\/wp\/v2\/categories?post=4103"},{"taxonomy":"post_tag","embeddable":true,"href":"https:\/\/oji.fundacion-sm.org\/pt-br\/wp-json\/wp\/v2\/tags?post=4103"}],"curies":[{"name":"wp","href":"https:\/\/api.w.org\/{rel}","templated":true}]}}