{"id":4238,"date":"2021-11-16T12:15:00","date_gmt":"2021-11-16T10:15:00","guid":{"rendered":"https:\/\/oji.fundacion-sm.org\/?p=4238"},"modified":"2023-11-09T12:31:33","modified_gmt":"2023-11-09T10:31:33","slug":"pesquisa-juventudes-no-brasil-2021-um-retrato-das-multiplas-juventudes-existentes-no-brasil","status":"publish","type":"post","link":"https:\/\/oji.fundacion-sm.org\/pt-br\/noticias-pt-br\/pesquisa-juventudes-no-brasil-2021-um-retrato-das-multiplas-juventudes-existentes-no-brasil\/","title":{"rendered":"Pesquisa Juventudes no Brasil 2021: Um retrato das m\u00faltiplas juventudes existentes no Brasil"},"content":{"rendered":"\t\t<div data-elementor-type=\"wp-post\" data-elementor-id=\"4238\" class=\"elementor elementor-4238\" data-elementor-post-type=\"post\">\n\t\t\t\t\t\t<section class=\"elementor-section elementor-top-section elementor-element elementor-element-16340a56 elementor-section-full_width elementor-section-height-default elementor-section-height-default\" data-id=\"16340a56\" data-element_type=\"section\">\n\t\t\t\t\t\t<div class=\"elementor-container elementor-column-gap-default\">\n\t\t\t\t\t<div class=\"elementor-column elementor-col-100 elementor-top-column elementor-element elementor-element-243fdb1c\" data-id=\"243fdb1c\" data-element_type=\"column\">\n\t\t\t<div class=\"elementor-widget-wrap elementor-element-populated\">\n\t\t\t\t\t\t<div class=\"elementor-element elementor-element-14324251 elementor-widget elementor-widget-bloque-texto\" data-id=\"14324251\" data-element_type=\"widget\" data-widget_type=\"bloque-texto.default\">\n\t\t\t\t<div class=\"elementor-widget-container\">\n\t\t\t\t\t<!-- Texto -->\n<section class=\"bloque bloque-texto  \">\n    <div class=\"container\">\n                <div class=\"row\">\n            <div class=\"col-12 col-lg-8 offset-lg-3\">\n                <div class=\"the_content\" data-aos=\"fade-up\" data-aos-duration=\"700\">\n                                            <div class=\"subtitulos\" data-aos=\"fade-left\" data-aos-duration=\"700\"><p>Os jovens brasileiros est\u00e3o preocupados com as perspectivas \u2013 ou a falta delas \u2013 para o futuro, valorizam a fam\u00edlia, a sa\u00fade e a educa\u00e7\u00e3o e desejam viver em um mundo com mais diversidade.<\/p><\/div>\n                                        <p>A <a href=\"https:\/\/oji.fundacion-sm.org\/pt-br\/nossos-estudos\/pesquisa-juventudes-no-brasil-2021\/\">\u201cPesquisa Juventudes no Brasil 2021\u201d<\/a> \u00e9 uma investiga\u00e7\u00e3o que d\u00e1 destaque para as impress\u00f5es dos jovens brasileiros \u2013 partindo de suas distintas realidades \u2013 sobre pol\u00edtica, perspectivas de futuro, oferta de atividades culturais, religi\u00e3o, diversidade, igualdade de g\u00eanero, entre outros temas. O estudo foi realizado pela Funda\u00e7\u00e3o SM, por meio do Observat\u00f3rio da Juventude na Ibero-Am\u00e9rica (OJI), e em parceria com pesquisadores da Universidade Federal Fluminense (UFF), da Universidade Federal do Estado do Rio de Janeiro (UniRio) e da Universidade do Estado do Rio (UERJ). A publica\u00e7\u00e3o foi lan\u00e7ada no in\u00edcio de outubro e est\u00e1 dispon\u00edvel para consulta online e para compra.<\/p>\n<p>O objetivo da Pesquisa \u00e9 oferecer \u00e0queles que atuam com a juventude dados relevantes que possibilitem compreender as preocupa\u00e7\u00f5es, os interesses, as motiva\u00e7\u00f5es e as principais dificuldades que os jovens brasileiros enfrentam. \u201c\u00c9 a partir da real compreens\u00e3o de suas realidades que poderemos acompanh\u00e1-los, criando ambientes favor\u00e1veis para o pleno desenvolvimento das juventudes\u201d, afirma Mariana Franco, gerente da Funda\u00e7\u00e3o SM.<\/p>\n<p>Entre os resultados apontados, destaca-se o grau de import\u00e2ncia da fam\u00edlia, das condi\u00e7\u00f5es de sa\u00fade e educa\u00e7\u00e3o e o desprest\u00edgio com a pol\u00edtica. De acordo com a pesquisa, 60% dos jovens n\u00e3o consideram as discuss\u00f5es pol\u00edticas algo vultuoso no dia-a-dia. Tamb\u00e9m s\u00e3o no campo pol\u00edtico os maiores \u00edndices de desconfian\u00e7a nas institui\u00e7\u00f5es: 82% dos jovens ouvidos n\u00e3o confiam nos partidos pol\u00edticos, Congresso Nacional (80%), governo (69%) e Presid\u00eancia da Rep\u00fablica (63%). Para 73% dos entrevistados, \u00e9 em casa, com a fam\u00edlia, onde s\u00e3o ditas as coisas mais importantes.<\/p>\n<h2>Felicidade e lealdade<\/h2>\n<p>O estudo mostra tamb\u00e9m que a caracter\u00edstica que mais identifica os jovens \u00e9 a de serem \u201cpreocupados demais com sua imagem\u201d (44%), seguida por \u201crebeldia\u201d (42%). Valores como solidariedade, toler\u00e2ncia e generosidade est\u00e3o em baixa entre os entrevistados, e quase um ter\u00e7o deles afirma viver focado unicamente no presente. A tristeza, depress\u00e3o e ansiedade marcam o grupo de entrevistados, pois apenas um quarto (25%) acha que ser alegre ou feliz caracteriza a juventude. E somente 19% dos jovens ouvidos se consideram leais \u00e0s amizades.<\/p>\n<h2>A mulher no mercado de trabalho<\/h2>\n<p>A pesquisa tamb\u00e9m abordou a diferen\u00e7a entre homens <a href=\"https:\/\/oji.fundacion-sm.org\/pt-br\/decifrando-a-juventude\/jovem-e-mulher-novas-caras-na-vanguarda-da-mobilizacao-social\/\">e mulheres<\/a> no mercado de trabalho. Para 55%, os sal\u00e1rios das mulheres s\u00e3o piores do que o dos homens e 50% acreditam que \u00e9 mais dif\u00edcil para as mulheres arranjar emprego. Sobre o crescimento profissional, 47% dos entrevistados consideram ser mais dif\u00edcil para as mulheres obterem uma promo\u00e7\u00e3o e quase metade (48%) cr\u00ea que a presen\u00e7a das mulheres em cargos de responsabilidade e de poder pol\u00edtico \u00e9 bastante rara. Quanto ao acesso \u00e0 educa\u00e7\u00e3o, 69% dos pesquisados acreditam que, nesse campo, h\u00e1 igualdade de condi\u00e7\u00f5es entre homens e mulheres, e mais da metade (56%) acreditam que ambos os sexos t\u00eam as mesmas oportunidades de seguir estudando.<\/p>\n<h2>Educa\u00e7\u00e3o<\/h2>\n<p>A \u201cPesquisa Juventudes no Brasil\u201d tamb\u00e9m tra\u00e7ou o perfil da escolaridade dos jovens. Mais da metade dos entrevistados est\u00e3o cursando o Ensino M\u00e9dio, e 12,8% apontam como n\u00edvel de escolaridade o ensino superior e de p\u00f3s-gradua\u00e7\u00e3o. \u00c9 significativa a presen\u00e7a daqueles que indicam o Ensino Fundamental, correspondendo a mais de um ter\u00e7o da amostra (34,4%).<\/p>\n<p>\u201cApenas trabalho\u201d \u00e9 a atividade mais frequente entre os homens (39%) do as mulheres (22%), e a propor\u00e7\u00e3o de mulheres que n\u00e3o estudam nem trabalham (19%) \u00e9 mais que o dobro do percentual de homens (9%) na mesma condi\u00e7\u00e3o. Nesse recorte, os mais pobres s\u00e3o maioria, diferentemente daqueles que s\u00f3 estudam, predominante somente entre os grupos socioecon\u00f4micos alto e m\u00e9dio. Os jovens entrevistados frequentam, majoritariamente, escolas de Educa\u00e7\u00e3o B\u00e1sica p\u00fablicas. Entretanto, no ensino superior predomina a frequ\u00eancia em institui\u00e7\u00f5es privadas, que equivalem a 73% do total, sobre as de depend\u00eancia p\u00fablica, que correspondem a 27%.<\/p>\n<h2>Jovens conectados<\/h2>\n<p>A pesquisa apontou que 96% dos jovens brasileiros entrevistados declaram recorrer \u00e0 internet para fins variados, como o uso de m\u00eddias sociais, aplicativos de m\u00fasicas ou v\u00eddeos, troca de mensagens e buscas de informa\u00e7\u00e3o. O telefone celular \u00e9 o equipamento mais utilizado pela juventude do pa\u00eds para a conex\u00e3o com a internet (94%), seguido de computadores (4%). TV e tablet alcan\u00e7am, cada um, 1% dos usu\u00e1rios<\/p>\n<p>O estudo tamb\u00e9m mostrou que os jovens dos grupos socioecon\u00f4micos mais altos acessam diariamente a rede, na ordem de 97%, enquanto 74% dos que se encontram em situa\u00e7\u00e3o de pobreza o fazem.<\/p>\n<h2>Religiosidade<\/h2>\n<p>No conjunto dos entrevistados que se consideram religiosos, h\u00e1 mais mulheres do que homens. Dos 68,33% que responderam ter religi\u00e3o, 36,86% s\u00e3o mulheres e 31,47% s\u00e3o homens. J\u00e1 entre os 30,67% que n\u00e3o se consideram religiosos, os homens s\u00e3o 16,28% e 14,29% mulheres. Os cat\u00f3licos s\u00f3 s\u00e3o maioria entre os jovens mais velhos, cedendo esse lugar para os evang\u00e9licos em todas as outras idades.<\/p>\n<h2>Medos<\/h2>\n<p>A seguran\u00e7a (ou a falta dela) tamb\u00e9m foi abordada pelo estudo. 49% dos entrevistados disseram sentir medo \u201cquase o tempo todo\u201d de ser assaltado no transporte ou no caminho para casa ou trabalho. Os outros medos destacados pelos jovens foram: da destrui\u00e7\u00e3o do meio ambiente (47%), de n\u00e3o ter trabalho no futuro (40%), ser atingido por bala perdida (37%), ficar endividado (34%), sofrer viol\u00eancia sexual (29%) e perder o atual emprego (23%).<\/p>\n<h2>O que mais incomoda?<\/h2>\n<p>A corrup\u00e7\u00e3o aparece como o maior inc\u00f4modo para 62% dos entrevistados. O quesito \u201cracismo, machismo e outras formas de opress\u00e3o\u201d ficou em segundo lugar, com 57%; j\u00e1 \u201ca desigualdade entre ricos e pobres\u201d e \u201cacesso e qualidade da sa\u00fade\u201d receberam, cada, 54% das men\u00e7\u00f5es.<\/p>\n<h2>Sobre a Pesquisa<\/h2>\n<p>Coordenada pelo OJI, a pesquisa \u00e9 a se\u00e7\u00e3o brasileira de uma investiga\u00e7\u00e3o mais ampla em nove pa\u00edses ibero-americanos. Al\u00e9m do Brasil, o estudo foi realizado em Argentina, Chile, Col\u00f4mbia, Equador, Espanha, M\u00e9xico, Peru e Rep\u00fablica Dominicana. Foram entrevistados pessoalmente 1.740 jovens, entre 15 e 29 anos, residentes nas cinco regi\u00f5es do Brasil.<\/p>\n<p>Elaborada no segundo semestre de 2019, a pesquisa retrata justamente o momento que antecede o in\u00edcio da pandemia provocada pela Covid-19, e pode ser considerada um marco na transi\u00e7\u00e3o dos jovens brasileiros, trazendo \u00e0 tona dados que j\u00e1 eram preocupantes e que foram intensificados com as restri\u00e7\u00f5es, tais como o fechamento das escolas, a falta de acessibilidade para acompanhar atividades remotas, o aumento do desemprego e os impactos na sa\u00fade mental.<\/p>\n<p>Os autores e autoras da pesquisa s\u00e3o pesquisadores especializados em investiga\u00e7\u00f5es sobre a juventude. \u201cQueremos que essa publica\u00e7\u00e3o alcance o maior n\u00famero de pessoas e que serva como material de apoio e inspira\u00e7\u00e3o para institui\u00e7\u00f5es, educadores e todas as pessoas que atuam com processos educacionais e com o desenvolvimento integral dos jovens brasileiros\u201d, afirma Mariana Franco.<\/p>\n<p>Os jovens pesquisados s\u00e3o 51,5% do sexo feminino e 48,5% do sexo masculino. 40% se consideram brancos, 39% pardos, 17% pretos, 2% amarelos, 1% ind\u00edgena e 1% n\u00e3o respondeu. Al\u00e9m disso, 78,4% disseram ser solteiros, 20,4% se declararam casados (formalmente ou n\u00e3o) e 1,2% \u00e9 de separados ou vi\u00favos. 67,5% declaram n\u00e3o ter filhos e, dos 32,5% que t\u00eam, um ter\u00e7o (10,9%) s\u00e3o m\u00e3es ou pais solo.<\/p>\n<p>Fa\u00e7a download do <a href=\"https:\/\/oji.fundacion-sm.org\/pt-br\/nossos-estudos\/pesquisa-juventudes-no-brasil-2021\/\">Resumo Executivo da Pesquisa Juventudes no Brasil<\/a> e confira as principais conclus\u00f5es do estudo.<\/p>\n<p>Leia na \u00edntegra a <a href=\"https:\/\/oji.fundacion-sm.org\/pt-br\/nossos-estudos\/pesquisa-juventudes-no-brasil-2021\/\">\u201cPesquisa Juventudes no Brasil 2021\u201d<\/a>.<\/p>\n                <\/div>\n            <\/div>\n        <\/div>\n    <\/div>\n<\/section>\t\t\t\t<\/div>\n\t\t\t\t<\/div>\n\t\t\t\t<div class=\"elementor-element elementor-element-4b60e2b elementor-widget elementor-widget-bloque-autor\" data-id=\"4b60e2b\" data-element_type=\"widget\" data-widget_type=\"bloque-autor.default\">\n\t\t\t\t<div class=\"elementor-widget-container\">\n\t\t\t\t\t\n<section class=\"bloque bloque-autor  \">\n    <div class=\"container\">\n        <div class=\"row\">\n            <div class=\"col-12 col-lg-8 offset-lg-3\">\n                <div class=\"datos d-flex align-items-center\" data-aos=\"fade\" data-aos-delay=\"600\" data-aos-duration=\"800\">\n                    <div class=\"imagen\" ><img decoding=\"async\" src=\"https:\/\/oji.fundacion-sm.org\/wp-content\/uploads\/sites\/4\/2021\/04\/OJI-logo.png\" class=\"img-fluid\" alt=\"Logo del Observatorio de la Juventud en Iberoam\u00e9rica (OJI)\"><\/div>\n                    <div class=\"datos-content\">\n                        <p class=\"subtitulos\">OJI<\/p>\n                                                                    <\/div>\n                <\/div>\n            <\/div>\n        <\/div>\n    <\/div>\n<\/section>\t\t\t\t<\/div>\n\t\t\t\t<\/div>\n\t\t\t\t<div class=\"elementor-element elementor-element-558bbece elementor-widget elementor-widget-bloque-noticias\" data-id=\"558bbece\" data-element_type=\"widget\" data-widget_type=\"bloque-noticias.default\">\n\t\t\t\t<div class=\"elementor-widget-container\">\n\t\t\t\t\t<!-- Noticias -->\n<section class=\"bloque bloque-noticias  \">\n    <div class=\"container\">\n        <div class=\"background padding-interno \">\n                <div class=\"row titulo-con-enlace\">\n                    <div class=\"col-12 \">\n                        <h2 class=\"titulos\" data-aos=\"fade-left\" data-aos-duration=\"700\">Voc\u00ea pode gostar...<\/h2>                                                <a href=\"https:\/\/oji.fundacion-sm.org\/pt-br\/noticias-pt-br\/\" data-aos=\"fade-right\" data-aos-duration=\"700\" class=\"enlace btn-arrow\" title=\"Ver mais\"><span>Ver mais<\/span><\/a>\n                                            <\/div>\n                <\/div>\n\n                <div class=\"row justify-content-center gy-4 gy-lg-5\">\n                                                            <div class=\"col-12 col-lg-10 gx-4 gx-lg-5 d-flex align-items-stretch\" data-aos=\"fade-up\" data-aos-delay=\"200\" data-aos-duration=\"700\">\n                                    <a class=\"noticia \" href=\"https:\/\/oji.fundacion-sm.org\/pt-br\/noticias-pt-br\/pesquisa-juventudes-no-brasil-2021-um-retrato-das-multiplas-juventudes-existentes-no-brasil\/\">\n    <div class=\"listado row g-4 g-lg-5\">\n        <div class=\"col-12 col-sm-6\">\n            <div class=\"image\">\n                <img fetchpriority=\"high\" decoding=\"async\" width=\"890\" height=\"560\" src=\"https:\/\/oji.fundacion-sm.org\/wp-content\/uploads\/sites\/4\/2023\/11\/pesquisa-juventudes-no-brasil-2021-890x560.png\" class=\"img-fluid wp-post-image\" alt=\"\" \/>            <\/div>\n        <\/div>\n        <div class=\"col-12 col-sm-6 d-flex align-items-center\">\n            <div class=\"datos\">\n                <div class=\"categoria\">Not\u00edcias<\/div>\n                <div class=\"fecha\">16 novembro 2021<\/div>\n                <h3 class=\"subtitulos\">Pesquisa Juventudes no Brasil 2021: Um retrato das m\u00faltiplas juventudes existentes no Brasil<\/h3>\n            <\/div>\n        <\/div>\n    <\/div>    \n<\/a>                                    <\/div>\n                                                                    <div class=\"col-12 col-lg-10 gx-4 gx-lg-5 d-flex align-items-stretch\" data-aos=\"fade-up\" data-aos-delay=\"500\" data-aos-duration=\"700\">\n                                    <a class=\"noticia \" href=\"https:\/\/oji.fundacion-sm.org\/pt-br\/noticias-pt-br\/pesquisa-jovens-espanhois-entre-dois-seculos-1984-2017-ganha-destaque-em-apresentacao-em-san-sebastian-es\/\">\n    <div class=\"listado row g-4 g-lg-5\">\n        <div class=\"col-12 col-sm-6\">\n            <div class=\"image\">\n                <img decoding=\"async\" width=\"890\" height=\"560\" src=\"https:\/\/oji.fundacion-sm.org\/wp-content\/uploads\/sites\/4\/2023\/11\/Encuentro-San-Sebasti\u2020n-OJI-e1520321565788-1170x659-1-890x560.jpg\" class=\"img-fluid wp-post-image\" alt=\"\" \/>            <\/div>\n        <\/div>\n        <div class=\"col-12 col-sm-6 d-flex align-items-center\">\n            <div class=\"datos\">\n                <div class=\"categoria\">Not\u00edcias<\/div>\n                <div class=\"fecha\">05 mar\u00e7o 2018<\/div>\n                <h3 class=\"subtitulos\">Pesquisa \u201cJovens espanh\u00f3is entre dois s\u00e9culos 1984-2017\u201d ganha destaque em apresenta\u00e7\u00e3o em San Sebasti\u00e1n (ES)<\/h3>\n            <\/div>\n        <\/div>\n    <\/div>    \n<\/a>                                    <\/div>\n                                            <\/div>\n        <\/div>\n    <\/div>\n<\/section>\t\t\t\t<\/div>\n\t\t\t\t<\/div>\n\t\t\t\t\t<\/div>\n\t\t<\/div>\n\t\t\t\t\t<\/div>\n\t\t<\/section>\n\t\t\t\t<\/div>\n\t\t","protected":false},"excerpt":{"rendered":"<p>Os jovens brasileiros est\u00e3o preocupados com as perspectivas \u2013 ou a falta delas \u2013 para o futuro, valorizam a fam\u00edlia, a sa\u00fade e a educa\u00e7\u00e3o e desejam viver em um mundo com mais diversidade. A \u201cPesquisa Juventudes no Brasil 2021\u201d \u00e9 uma investiga\u00e7\u00e3o que d\u00e1 destaque para as impress\u00f5es dos jovens brasileiros \u2013 partindo de [&hellip;]<\/p>\n","protected":false},"author":2,"featured_media":4239,"comment_status":"closed","ping_status":"closed","sticky":false,"template":"","format":"standard","meta":{"_acf_changed":false,"footnotes":""},"categories":[7],"tags":[],"class_list":["post-4238","post","type-post","status-publish","format-standard","has-post-thumbnail","hentry","category-noticias-pt-br"],"acf":[],"yoast_head":"<!-- This site is optimized with the Yoast SEO plugin v26.7 - https:\/\/yoast.com\/wordpress\/plugins\/seo\/ -->\n<title>Pesquisa Juventudes no Brasil 2021: Um retrato das m\u00faltiplas juventudes existentes no Brasil - Observat\u00f3rio da Juventude na Ibero-Am\u00e9rica (OJI)<\/title>\n<meta name=\"description\" content=\"A \u201cPesquisa Juventudes no Brasil 2021\u201d \u00e9 uma investiga\u00e7\u00e3o que d\u00e1 destaque para as impress\u00f5es dos jovens brasileiros sobre pol\u00edtica, perspectivas de futuro, oferta de atividades culturais, religi\u00e3o, diversidade, igualdade de g\u00eanero, entre outros temas.\" \/>\n<meta name=\"robots\" content=\"index, follow, max-snippet:-1, max-image-preview:large, max-video-preview:-1\" \/>\n<link rel=\"canonical\" href=\"https:\/\/oji.fundacion-sm.org\/pt-br\/noticias-pt-br\/pesquisa-juventudes-no-brasil-2021-um-retrato-das-multiplas-juventudes-existentes-no-brasil\/\" \/>\n<meta property=\"og:locale\" content=\"pt_BR\" \/>\n<meta property=\"og:type\" content=\"article\" \/>\n<meta property=\"og:title\" content=\"Pesquisa Juventudes no Brasil 2021: Um retrato das m\u00faltiplas juventudes existentes no Brasil - Observat\u00f3rio da Juventude na Ibero-Am\u00e9rica (OJI)\" \/>\n<meta property=\"og:description\" content=\"A \u201cPesquisa Juventudes no Brasil 2021\u201d \u00e9 uma investiga\u00e7\u00e3o que d\u00e1 destaque para as impress\u00f5es dos jovens brasileiros sobre pol\u00edtica, perspectivas de futuro, oferta de atividades culturais, religi\u00e3o, diversidade, igualdade de g\u00eanero, entre outros temas.\" \/>\n<meta property=\"og:url\" content=\"https:\/\/oji.fundacion-sm.org\/pt-br\/noticias-pt-br\/pesquisa-juventudes-no-brasil-2021-um-retrato-das-multiplas-juventudes-existentes-no-brasil\/\" \/>\n<meta property=\"og:site_name\" content=\"Observat\u00f3rio da Juventude na Ibero-Am\u00e9rica (OJI)\" \/>\n<meta property=\"article:published_time\" content=\"2021-11-16T10:15:00+00:00\" \/>\n<meta property=\"article:modified_time\" content=\"2023-11-09T10:31:33+00:00\" \/>\n<meta property=\"og:image\" content=\"https:\/\/oji.fundacion-sm.org\/wp-content\/uploads\/sites\/4\/2023\/11\/pesquisa-juventudes-no-brasil-2021.png\" \/>\n\t<meta property=\"og:image:width\" content=\"1018\" \/>\n\t<meta property=\"og:image:height\" content=\"679\" \/>\n\t<meta property=\"og:image:type\" content=\"image\/png\" \/>\n<meta name=\"author\" content=\"Antonio Rockin&#039;Pixels\" \/>\n<meta name=\"twitter:card\" content=\"summary_large_image\" \/>\n<script type=\"application\/ld+json\" class=\"yoast-schema-graph\">{\"@context\":\"https:\/\/schema.org\",\"@graph\":[{\"@type\":\"Article\",\"@id\":\"https:\/\/oji.fundacion-sm.org\/pt-br\/noticias-pt-br\/pesquisa-juventudes-no-brasil-2021-um-retrato-das-multiplas-juventudes-existentes-no-brasil\/#article\",\"isPartOf\":{\"@id\":\"https:\/\/oji.fundacion-sm.org\/pt-br\/noticias-pt-br\/pesquisa-juventudes-no-brasil-2021-um-retrato-das-multiplas-juventudes-existentes-no-brasil\/\"},\"author\":{\"name\":\"Antonio Rockin'Pixels\",\"@id\":\"https:\/\/oji.fundacion-sm.org\/pt-br\/#\/schema\/person\/853f955beb537b852c3687d514f42948\"},\"headline\":\"Pesquisa Juventudes no Brasil 2021: Um retrato das m\u00faltiplas juventudes existentes no Brasil\",\"datePublished\":\"2021-11-16T10:15:00+00:00\",\"dateModified\":\"2023-11-09T10:31:33+00:00\",\"mainEntityOfPage\":{\"@id\":\"https:\/\/oji.fundacion-sm.org\/pt-br\/noticias-pt-br\/pesquisa-juventudes-no-brasil-2021-um-retrato-das-multiplas-juventudes-existentes-no-brasil\/\"},\"wordCount\":1310,\"publisher\":{\"@id\":\"https:\/\/oji.fundacion-sm.org\/pt-br\/#organization\"},\"image\":{\"@id\":\"https:\/\/oji.fundacion-sm.org\/pt-br\/noticias-pt-br\/pesquisa-juventudes-no-brasil-2021-um-retrato-das-multiplas-juventudes-existentes-no-brasil\/#primaryimage\"},\"thumbnailUrl\":\"https:\/\/oji.fundacion-sm.org\/wp-content\/uploads\/sites\/4\/2023\/11\/pesquisa-juventudes-no-brasil-2021.png\",\"articleSection\":[\"Not\u00edcias\"],\"inLanguage\":\"pt-BR\"},{\"@type\":\"WebPage\",\"@id\":\"https:\/\/oji.fundacion-sm.org\/pt-br\/noticias-pt-br\/pesquisa-juventudes-no-brasil-2021-um-retrato-das-multiplas-juventudes-existentes-no-brasil\/\",\"url\":\"https:\/\/oji.fundacion-sm.org\/pt-br\/noticias-pt-br\/pesquisa-juventudes-no-brasil-2021-um-retrato-das-multiplas-juventudes-existentes-no-brasil\/\",\"name\":\"Pesquisa Juventudes no Brasil 2021: Um retrato das m\u00faltiplas juventudes existentes no Brasil - Observat\u00f3rio da Juventude na Ibero-Am\u00e9rica (OJI)\",\"isPartOf\":{\"@id\":\"https:\/\/oji.fundacion-sm.org\/pt-br\/#website\"},\"primaryImageOfPage\":{\"@id\":\"https:\/\/oji.fundacion-sm.org\/pt-br\/noticias-pt-br\/pesquisa-juventudes-no-brasil-2021-um-retrato-das-multiplas-juventudes-existentes-no-brasil\/#primaryimage\"},\"image\":{\"@id\":\"https:\/\/oji.fundacion-sm.org\/pt-br\/noticias-pt-br\/pesquisa-juventudes-no-brasil-2021-um-retrato-das-multiplas-juventudes-existentes-no-brasil\/#primaryimage\"},\"thumbnailUrl\":\"https:\/\/oji.fundacion-sm.org\/wp-content\/uploads\/sites\/4\/2023\/11\/pesquisa-juventudes-no-brasil-2021.png\",\"datePublished\":\"2021-11-16T10:15:00+00:00\",\"dateModified\":\"2023-11-09T10:31:33+00:00\",\"description\":\"A \u201cPesquisa Juventudes no Brasil 2021\u201d \u00e9 uma investiga\u00e7\u00e3o que d\u00e1 destaque para as impress\u00f5es dos jovens brasileiros sobre pol\u00edtica, perspectivas de futuro, oferta de atividades culturais, religi\u00e3o, diversidade, igualdade de g\u00eanero, entre outros temas.\",\"breadcrumb\":{\"@id\":\"https:\/\/oji.fundacion-sm.org\/pt-br\/noticias-pt-br\/pesquisa-juventudes-no-brasil-2021-um-retrato-das-multiplas-juventudes-existentes-no-brasil\/#breadcrumb\"},\"inLanguage\":\"pt-BR\",\"potentialAction\":[{\"@type\":\"ReadAction\",\"target\":[\"https:\/\/oji.fundacion-sm.org\/pt-br\/noticias-pt-br\/pesquisa-juventudes-no-brasil-2021-um-retrato-das-multiplas-juventudes-existentes-no-brasil\/\"]}]},{\"@type\":\"ImageObject\",\"inLanguage\":\"pt-BR\",\"@id\":\"https:\/\/oji.fundacion-sm.org\/pt-br\/noticias-pt-br\/pesquisa-juventudes-no-brasil-2021-um-retrato-das-multiplas-juventudes-existentes-no-brasil\/#primaryimage\",\"url\":\"https:\/\/oji.fundacion-sm.org\/wp-content\/uploads\/sites\/4\/2023\/11\/pesquisa-juventudes-no-brasil-2021.png\",\"contentUrl\":\"https:\/\/oji.fundacion-sm.org\/wp-content\/uploads\/sites\/4\/2023\/11\/pesquisa-juventudes-no-brasil-2021.png\",\"width\":1018,\"height\":679},{\"@type\":\"BreadcrumbList\",\"@id\":\"https:\/\/oji.fundacion-sm.org\/pt-br\/noticias-pt-br\/pesquisa-juventudes-no-brasil-2021-um-retrato-das-multiplas-juventudes-existentes-no-brasil\/#breadcrumb\",\"itemListElement\":[{\"@type\":\"ListItem\",\"position\":1,\"name\":\"Home\",\"item\":\"https:\/\/oji.fundacion-sm.org\/pt-br\/\"},{\"@type\":\"ListItem\",\"position\":2,\"name\":\"Not\u00edcias\",\"item\":\"https:\/\/oji.fundacion-sm.org\/pt-br\/noticias-pt-br\/\"},{\"@type\":\"ListItem\",\"position\":3,\"name\":\"Pesquisa Juventudes no Brasil 2021: Um retrato das m\u00faltiplas juventudes existentes no Brasil\"}]},{\"@type\":\"WebSite\",\"@id\":\"https:\/\/oji.fundacion-sm.org\/pt-br\/#website\",\"url\":\"https:\/\/oji.fundacion-sm.org\/pt-br\/\",\"name\":\"Observat\u00f3rio da Juventude na Ibero-Am\u00e9rica (OJI)\",\"description\":\"Somos un programa de la Fundaci\u00f3n SM con vocaci\u00f3n de agrupar conocimiento, ser un lugar de referencia y servir de nexo de uni\u00f3n entre distintos observatorios y estudios sobre juventud e Iberoam\u00e9rica.\",\"publisher\":{\"@id\":\"https:\/\/oji.fundacion-sm.org\/pt-br\/#organization\"},\"potentialAction\":[{\"@type\":\"SearchAction\",\"target\":{\"@type\":\"EntryPoint\",\"urlTemplate\":\"https:\/\/oji.fundacion-sm.org\/pt-br\/?s={search_term_string}\"},\"query-input\":{\"@type\":\"PropertyValueSpecification\",\"valueRequired\":true,\"valueName\":\"search_term_string\"}}],\"inLanguage\":\"pt-BR\"},{\"@type\":\"Organization\",\"@id\":\"https:\/\/oji.fundacion-sm.org\/pt-br\/#organization\",\"name\":\"Fundaci\u00f3n SM\",\"url\":\"https:\/\/oji.fundacion-sm.org\/pt-br\/\",\"logo\":{\"@type\":\"ImageObject\",\"inLanguage\":\"pt-BR\",\"@id\":\"https:\/\/oji.fundacion-sm.org\/pt-br\/#\/schema\/logo\/image\/\",\"url\":\"https:\/\/oji.fundacion-sm.org\/wp-content\/uploads\/sites\/4\/2023\/10\/logotipo-fundacion-sm.png\",\"contentUrl\":\"https:\/\/oji.fundacion-sm.org\/wp-content\/uploads\/sites\/4\/2023\/10\/logotipo-fundacion-sm.png\",\"width\":447,\"height\":85,\"caption\":\"Fundaci\u00f3n SM\"},\"image\":{\"@id\":\"https:\/\/oji.fundacion-sm.org\/pt-br\/#\/schema\/logo\/image\/\"}},{\"@type\":\"Person\",\"@id\":\"https:\/\/oji.fundacion-sm.org\/pt-br\/#\/schema\/person\/853f955beb537b852c3687d514f42948\",\"name\":\"Antonio Rockin'Pixels\"}]}<\/script>\n<!-- \/ Yoast SEO plugin. -->","yoast_head_json":{"title":"Pesquisa Juventudes no Brasil 2021: Um retrato das m\u00faltiplas juventudes existentes no Brasil - Observat\u00f3rio da Juventude na Ibero-Am\u00e9rica (OJI)","description":"A \u201cPesquisa Juventudes no Brasil 2021\u201d \u00e9 uma investiga\u00e7\u00e3o que d\u00e1 destaque para as impress\u00f5es dos jovens brasileiros sobre pol\u00edtica, perspectivas de futuro, oferta de atividades culturais, religi\u00e3o, diversidade, igualdade de g\u00eanero, entre outros temas.","robots":{"index":"index","follow":"follow","max-snippet":"max-snippet:-1","max-image-preview":"max-image-preview:large","max-video-preview":"max-video-preview:-1"},"canonical":"https:\/\/oji.fundacion-sm.org\/pt-br\/noticias-pt-br\/pesquisa-juventudes-no-brasil-2021-um-retrato-das-multiplas-juventudes-existentes-no-brasil\/","og_locale":"pt_BR","og_type":"article","og_title":"Pesquisa Juventudes no Brasil 2021: Um retrato das m\u00faltiplas juventudes existentes no Brasil - Observat\u00f3rio da Juventude na Ibero-Am\u00e9rica (OJI)","og_description":"A \u201cPesquisa Juventudes no Brasil 2021\u201d \u00e9 uma investiga\u00e7\u00e3o que d\u00e1 destaque para as impress\u00f5es dos jovens brasileiros sobre pol\u00edtica, perspectivas de futuro, oferta de atividades culturais, religi\u00e3o, diversidade, igualdade de g\u00eanero, entre outros temas.","og_url":"https:\/\/oji.fundacion-sm.org\/pt-br\/noticias-pt-br\/pesquisa-juventudes-no-brasil-2021-um-retrato-das-multiplas-juventudes-existentes-no-brasil\/","og_site_name":"Observat\u00f3rio da Juventude na Ibero-Am\u00e9rica (OJI)","article_published_time":"2021-11-16T10:15:00+00:00","article_modified_time":"2023-11-09T10:31:33+00:00","og_image":[{"width":1018,"height":679,"url":"https:\/\/oji.fundacion-sm.org\/wp-content\/uploads\/sites\/4\/2023\/11\/pesquisa-juventudes-no-brasil-2021.png","type":"image\/png"}],"author":"Antonio Rockin'Pixels","twitter_card":"summary_large_image","schema":{"@context":"https:\/\/schema.org","@graph":[{"@type":"Article","@id":"https:\/\/oji.fundacion-sm.org\/pt-br\/noticias-pt-br\/pesquisa-juventudes-no-brasil-2021-um-retrato-das-multiplas-juventudes-existentes-no-brasil\/#article","isPartOf":{"@id":"https:\/\/oji.fundacion-sm.org\/pt-br\/noticias-pt-br\/pesquisa-juventudes-no-brasil-2021-um-retrato-das-multiplas-juventudes-existentes-no-brasil\/"},"author":{"name":"Antonio Rockin'Pixels","@id":"https:\/\/oji.fundacion-sm.org\/pt-br\/#\/schema\/person\/853f955beb537b852c3687d514f42948"},"headline":"Pesquisa Juventudes no Brasil 2021: Um retrato das m\u00faltiplas juventudes existentes no Brasil","datePublished":"2021-11-16T10:15:00+00:00","dateModified":"2023-11-09T10:31:33+00:00","mainEntityOfPage":{"@id":"https:\/\/oji.fundacion-sm.org\/pt-br\/noticias-pt-br\/pesquisa-juventudes-no-brasil-2021-um-retrato-das-multiplas-juventudes-existentes-no-brasil\/"},"wordCount":1310,"publisher":{"@id":"https:\/\/oji.fundacion-sm.org\/pt-br\/#organization"},"image":{"@id":"https:\/\/oji.fundacion-sm.org\/pt-br\/noticias-pt-br\/pesquisa-juventudes-no-brasil-2021-um-retrato-das-multiplas-juventudes-existentes-no-brasil\/#primaryimage"},"thumbnailUrl":"https:\/\/oji.fundacion-sm.org\/wp-content\/uploads\/sites\/4\/2023\/11\/pesquisa-juventudes-no-brasil-2021.png","articleSection":["Not\u00edcias"],"inLanguage":"pt-BR"},{"@type":"WebPage","@id":"https:\/\/oji.fundacion-sm.org\/pt-br\/noticias-pt-br\/pesquisa-juventudes-no-brasil-2021-um-retrato-das-multiplas-juventudes-existentes-no-brasil\/","url":"https:\/\/oji.fundacion-sm.org\/pt-br\/noticias-pt-br\/pesquisa-juventudes-no-brasil-2021-um-retrato-das-multiplas-juventudes-existentes-no-brasil\/","name":"Pesquisa Juventudes no Brasil 2021: Um retrato das m\u00faltiplas juventudes existentes no Brasil - Observat\u00f3rio da Juventude na Ibero-Am\u00e9rica (OJI)","isPartOf":{"@id":"https:\/\/oji.fundacion-sm.org\/pt-br\/#website"},"primaryImageOfPage":{"@id":"https:\/\/oji.fundacion-sm.org\/pt-br\/noticias-pt-br\/pesquisa-juventudes-no-brasil-2021-um-retrato-das-multiplas-juventudes-existentes-no-brasil\/#primaryimage"},"image":{"@id":"https:\/\/oji.fundacion-sm.org\/pt-br\/noticias-pt-br\/pesquisa-juventudes-no-brasil-2021-um-retrato-das-multiplas-juventudes-existentes-no-brasil\/#primaryimage"},"thumbnailUrl":"https:\/\/oji.fundacion-sm.org\/wp-content\/uploads\/sites\/4\/2023\/11\/pesquisa-juventudes-no-brasil-2021.png","datePublished":"2021-11-16T10:15:00+00:00","dateModified":"2023-11-09T10:31:33+00:00","description":"A \u201cPesquisa Juventudes no Brasil 2021\u201d \u00e9 uma investiga\u00e7\u00e3o que d\u00e1 destaque para as impress\u00f5es dos jovens brasileiros sobre pol\u00edtica, perspectivas de futuro, oferta de atividades culturais, religi\u00e3o, diversidade, igualdade de g\u00eanero, entre outros temas.","breadcrumb":{"@id":"https:\/\/oji.fundacion-sm.org\/pt-br\/noticias-pt-br\/pesquisa-juventudes-no-brasil-2021-um-retrato-das-multiplas-juventudes-existentes-no-brasil\/#breadcrumb"},"inLanguage":"pt-BR","potentialAction":[{"@type":"ReadAction","target":["https:\/\/oji.fundacion-sm.org\/pt-br\/noticias-pt-br\/pesquisa-juventudes-no-brasil-2021-um-retrato-das-multiplas-juventudes-existentes-no-brasil\/"]}]},{"@type":"ImageObject","inLanguage":"pt-BR","@id":"https:\/\/oji.fundacion-sm.org\/pt-br\/noticias-pt-br\/pesquisa-juventudes-no-brasil-2021-um-retrato-das-multiplas-juventudes-existentes-no-brasil\/#primaryimage","url":"https:\/\/oji.fundacion-sm.org\/wp-content\/uploads\/sites\/4\/2023\/11\/pesquisa-juventudes-no-brasil-2021.png","contentUrl":"https:\/\/oji.fundacion-sm.org\/wp-content\/uploads\/sites\/4\/2023\/11\/pesquisa-juventudes-no-brasil-2021.png","width":1018,"height":679},{"@type":"BreadcrumbList","@id":"https:\/\/oji.fundacion-sm.org\/pt-br\/noticias-pt-br\/pesquisa-juventudes-no-brasil-2021-um-retrato-das-multiplas-juventudes-existentes-no-brasil\/#breadcrumb","itemListElement":[{"@type":"ListItem","position":1,"name":"Home","item":"https:\/\/oji.fundacion-sm.org\/pt-br\/"},{"@type":"ListItem","position":2,"name":"Not\u00edcias","item":"https:\/\/oji.fundacion-sm.org\/pt-br\/noticias-pt-br\/"},{"@type":"ListItem","position":3,"name":"Pesquisa Juventudes no Brasil 2021: Um retrato das m\u00faltiplas juventudes existentes no Brasil"}]},{"@type":"WebSite","@id":"https:\/\/oji.fundacion-sm.org\/pt-br\/#website","url":"https:\/\/oji.fundacion-sm.org\/pt-br\/","name":"Observat\u00f3rio da Juventude na Ibero-Am\u00e9rica (OJI)","description":"Somos un programa de la Fundaci\u00f3n SM con vocaci\u00f3n de agrupar conocimiento, ser un lugar de referencia y servir de nexo de uni\u00f3n entre distintos observatorios y estudios sobre juventud e Iberoam\u00e9rica.","publisher":{"@id":"https:\/\/oji.fundacion-sm.org\/pt-br\/#organization"},"potentialAction":[{"@type":"SearchAction","target":{"@type":"EntryPoint","urlTemplate":"https:\/\/oji.fundacion-sm.org\/pt-br\/?s={search_term_string}"},"query-input":{"@type":"PropertyValueSpecification","valueRequired":true,"valueName":"search_term_string"}}],"inLanguage":"pt-BR"},{"@type":"Organization","@id":"https:\/\/oji.fundacion-sm.org\/pt-br\/#organization","name":"Fundaci\u00f3n SM","url":"https:\/\/oji.fundacion-sm.org\/pt-br\/","logo":{"@type":"ImageObject","inLanguage":"pt-BR","@id":"https:\/\/oji.fundacion-sm.org\/pt-br\/#\/schema\/logo\/image\/","url":"https:\/\/oji.fundacion-sm.org\/wp-content\/uploads\/sites\/4\/2023\/10\/logotipo-fundacion-sm.png","contentUrl":"https:\/\/oji.fundacion-sm.org\/wp-content\/uploads\/sites\/4\/2023\/10\/logotipo-fundacion-sm.png","width":447,"height":85,"caption":"Fundaci\u00f3n SM"},"image":{"@id":"https:\/\/oji.fundacion-sm.org\/pt-br\/#\/schema\/logo\/image\/"}},{"@type":"Person","@id":"https:\/\/oji.fundacion-sm.org\/pt-br\/#\/schema\/person\/853f955beb537b852c3687d514f42948","name":"Antonio Rockin'Pixels"}]}},"_links":{"self":[{"href":"https:\/\/oji.fundacion-sm.org\/pt-br\/wp-json\/wp\/v2\/posts\/4238","targetHints":{"allow":["GET"]}}],"collection":[{"href":"https:\/\/oji.fundacion-sm.org\/pt-br\/wp-json\/wp\/v2\/posts"}],"about":[{"href":"https:\/\/oji.fundacion-sm.org\/pt-br\/wp-json\/wp\/v2\/types\/post"}],"author":[{"embeddable":true,"href":"https:\/\/oji.fundacion-sm.org\/pt-br\/wp-json\/wp\/v2\/users\/2"}],"replies":[{"embeddable":true,"href":"https:\/\/oji.fundacion-sm.org\/pt-br\/wp-json\/wp\/v2\/comments?post=4238"}],"version-history":[{"count":6,"href":"https:\/\/oji.fundacion-sm.org\/pt-br\/wp-json\/wp\/v2\/posts\/4238\/revisions"}],"predecessor-version":[{"id":4250,"href":"https:\/\/oji.fundacion-sm.org\/pt-br\/wp-json\/wp\/v2\/posts\/4238\/revisions\/4250"}],"wp:featuredmedia":[{"embeddable":true,"href":"https:\/\/oji.fundacion-sm.org\/pt-br\/wp-json\/wp\/v2\/media\/4239"}],"wp:attachment":[{"href":"https:\/\/oji.fundacion-sm.org\/pt-br\/wp-json\/wp\/v2\/media?parent=4238"}],"wp:term":[{"taxonomy":"category","embeddable":true,"href":"https:\/\/oji.fundacion-sm.org\/pt-br\/wp-json\/wp\/v2\/categories?post=4238"},{"taxonomy":"post_tag","embeddable":true,"href":"https:\/\/oji.fundacion-sm.org\/pt-br\/wp-json\/wp\/v2\/tags?post=4238"}],"curies":[{"name":"wp","href":"https:\/\/api.w.org\/{rel}","templated":true}]}}