{"id":4264,"date":"2018-03-05T13:00:00","date_gmt":"2018-03-05T11:00:00","guid":{"rendered":"https:\/\/oji.fundacion-sm.org\/noticias\/presentamos-en-san-sebastian-jovenes-espanoles-entre-dos-siglos-1984-2017\/"},"modified":"2023-11-09T13:16:21","modified_gmt":"2023-11-09T11:16:21","slug":"pesquisa-jovens-espanhois-entre-dois-seculos-1984-2017-ganha-destaque-em-apresentacao-em-san-sebastian-es","status":"publish","type":"post","link":"https:\/\/oji.fundacion-sm.org\/pt-br\/noticias-pt-br\/pesquisa-jovens-espanhois-entre-dois-seculos-1984-2017-ganha-destaque-em-apresentacao-em-san-sebastian-es\/","title":{"rendered":"Pesquisa \u201cJovens espanh\u00f3is entre dois s\u00e9culos 1984-2017\u201d ganha destaque em apresenta\u00e7\u00e3o em San Sebasti\u00e1n (ES)"},"content":{"rendered":"\t\t<div data-elementor-type=\"wp-post\" data-elementor-id=\"4264\" class=\"elementor elementor-4264 elementor-4252\" data-elementor-post-type=\"post\">\n\t\t\t\t\t\t<section class=\"elementor-section elementor-top-section elementor-element elementor-element-7c9b6eb5 elementor-section-full_width elementor-section-height-default elementor-section-height-default\" data-id=\"7c9b6eb5\" data-element_type=\"section\">\n\t\t\t\t\t\t<div class=\"elementor-container elementor-column-gap-default\">\n\t\t\t\t\t<div class=\"elementor-column elementor-col-100 elementor-top-column elementor-element elementor-element-7404afea\" data-id=\"7404afea\" data-element_type=\"column\">\n\t\t\t<div class=\"elementor-widget-wrap elementor-element-populated\">\n\t\t\t\t\t\t<div class=\"elementor-element elementor-element-a26a91c elementor-widget elementor-widget-bloque-cita\" data-id=\"a26a91c\" data-element_type=\"widget\" data-widget_type=\"bloque-cita.default\">\n\t\t\t\t<div class=\"elementor-widget-container\">\n\t\t\t\t\t<!-- Cita   -->\n<section class=\"bloque bloque-quotes \">\n    <div class=\"container\">\n        <div class=\"row\">\n            <div class=\"col-12 col-lg-8 offset-lg-1\">\n                <figure data-aos=\"fade-left\" data-aos-duration=\"700\">\n                    <blockquote class=\"blockquote \">\n                                                <q class=\"titulos\">Para n\u00f3s, \u00e9 muito importante perguntar e fazer valer a vontade dos jovens. Como podemos ver, em rela\u00e7\u00e3o a muitos aspectos importantes da vida deles, como se relacionam com o mundo da pol\u00edtica, com a fam\u00edlia e os amigos, com a religi\u00e3o e com o lazer, entre outros temas.<\/q>\n                    <\/blockquote>\n                                        <figcaption class=\"blockquote-footer \" data-aos=\"fade-up\" data-aos-delay=\"300\" data-aos-duration=\"700\">\n                        Javier Palop, Diretor Geral da Funda\u00e7\u00e3o SM.\n                    <\/figcaption>\n                                    <\/figure>\n            <\/div>\n        <\/div>\n    <\/div>\n<\/section>\t\t\t\t<\/div>\n\t\t\t\t<\/div>\n\t\t\t\t<div class=\"elementor-element elementor-element-734591e2 elementor-widget elementor-widget-bloque-texto\" data-id=\"734591e2\" data-element_type=\"widget\" data-widget_type=\"bloque-texto.default\">\n\t\t\t\t<div class=\"elementor-widget-container\">\n\t\t\t\t\t<!-- Texto -->\n<section class=\"bloque bloque-texto  \">\n    <div class=\"container\">\n                <div class=\"row\">\n            <div class=\"col-12 col-lg-8 offset-lg-3\">\n                <div class=\"the_content\" data-aos=\"fade-up\" data-aos-duration=\"700\">\n                                        <p>Com estas palavras, o Diretor Geral da Funda\u00e7\u00e3o SM, Javier Palop, abriu os debates acerca dos desafios educacionais apresentados em alguns dos resultados extra\u00eddos do relat\u00f3rio\u00a0<a href=\"https:\/\/oji.fundacion-sm.org\/pt-br\/nossos-estudos\/jovens-espanhois-entre-dois-seculos-1984-2017\/\"><em>Jovens espanh\u00f3is entre dois s\u00e9culos 1984-2017<\/em><\/a> (em basco,<em> Gazteak bi mendeen artean 1984-2017<\/em>). O encontro, que aconteceu em San Sebast\u00edan (Espanha), foi organizado em parceria com o centro\u00a0<strong>SUMMA Aldapeta<\/strong><strong>.<\/strong><\/p>\n<p>A Subdiretora do <em>Diario Vasco<\/em>, Lourdes P\u00e9rez, foi respons\u00e1vel por mediar a mesa-redonda, que contou com a participa\u00e7\u00e3o do fil\u00f3sofo Daniel Innerarity, do Vice-conselheiro de Forma\u00e7\u00e3o Profissional do Governo Basco, Jorge Ar\u00e9valo, e do Diretor da Summa Aldapeta, Javier Cort\u00e9s.<\/p>\n<p>O debate come\u00e7ou com uma reflex\u00e3o sobre o clima institucional e democr\u00e1tico da Espanha e sobre a raiz da postura cr\u00edtica que os jovens sustentam com respeito a ambas as quest\u00f5es. Os palestrantes destacaram de forma un\u00e2nime que as institui\u00e7\u00f5es (pol\u00edticas, sociais ou religiosas) se mostram, atualmente, em uma vers\u00e3o caduca, com modelos de integra\u00e7\u00e3o e participa\u00e7\u00e3o que n\u00e3o respondem nem aos jovens nem \u00e0 sociedade em geral. Por isso, apontou Innerarity, os jovens estariam desenvolvendo f\u00f3rmulas de participa\u00e7\u00e3o alternativas \u2013 embora superficiais, no que diz respeito ao n\u00edvel de compromisso \u2013, caracterizadas por pautas ideol\u00f3gicas muito difusas.<\/p>\n<p>Os palestrantes tamb\u00e9m concordaram em rela\u00e7\u00e3o \u00e0 necessidade de entender a democracia como uma f\u00f3rmula em constante evolu\u00e7\u00e3o. Nesse sentido, avaliaram positivamente a vis\u00e3o de uma juventude que j\u00e1 n\u00e3o se conforma com as conquistas das gera\u00e7\u00f5es anteriores e pugna por elevar o n\u00edvel da qualidade democr\u00e1tica.<\/p>\n<p>A mesa-redonda tamb\u00e9m analisou o papel a ser desempenhado pelo sistema educacional no presente e no futuro da juventude, tema detalhado no relat\u00f3rio da\u00a0<strong>Funda\u00e7\u00e3o SM<\/strong>.<\/p>\n<p>O grande volume de informa\u00e7\u00e3o a que os jovens est\u00e3o constantemente expostos foi identificado como o principal desafio a ser enfrentado. \u201cSe o Google parece ter todas as respostas, que valor agregado os educadores podem brindar?\u201d, questionou Javier Cort\u00e9s.<\/p>\n<p>Para Daniel Innerarity, a resposta passa por desenvolver nos alunos a habilidade para jogar fora toda a informa\u00e7\u00e3o que n\u00e3o \u00e9 relevante.\u00a0<em>\u201cO valor mais importante agora mesmo \u00e9 dizer para algu\u00e9m o que essa pessoa n\u00e3o tem que saber\u201d, afirmou<\/em><em>.<\/em><\/p>\n<p>Jorge Ar\u00e9valo e Javier Cort\u00e9s enfatizaram o cen\u00e1rio complexo no qual os jovens devem aprender a se desenvolverem, caracterizado por uma infinidade de informa\u00e7\u00f5es e op\u00e7\u00f5es que demandam tomadas de decis\u00f5es constantes. Nesse sentido, destacou Cort\u00e9s, <em>\u201c\u00e9 preciso criar pessoas que se comprometam com cada uma dessas decis\u00f5es\u201d<\/em>.<\/p>\n<p>A moderadora da mesa-redonda, Lourdes P\u00e9rez, interpelou os participantes acerca de duas hip\u00f3teses geralmente assumidas com respeito \u00e0 juventude atual: os jovens carecem de voca\u00e7\u00e3o e de valor de sacrif\u00edcio?<\/p>\n<p>Segundo Javier Cort\u00e9s, os jovens j\u00e1 n\u00e3o se veem obrigados a fazerem coisas que para eles n\u00e3o t\u00eam sentido. No entanto, quando apresentamos um trabalho com o qual verdadeiramente se sentem motivados e que tem significado, a capacidade de sacrif\u00edcio \u00e9 muito elevada. Nesse aspecto, o trabalho dos educadores deveria ter muito presente esses dois elementos.<\/p>\n<p>Por outro lado, os palestrantes est\u00e3o de acordo que o conceito de <strong>voca\u00e7\u00e3o<\/strong> foi substitu\u00eddo pelo de <strong>profiss\u00e3o<\/strong>, sem que este tenha perdido o seu significado como experi\u00eancia humana que guia uma forma determinada de ser e estar no mundo. Tendo em conta tais quest\u00f5es, seria um erro, segundo Innerarity, orientar os nossos filhos para que desenvolvam um caminho que desemboque em uma utilidade concreta.\u00a0<em>\u201cTanto faz o que eles escolham estudar, contanto que tenham disposi\u00e7\u00e3o, esp\u00edrito cr\u00edtico e uma s\u00e9rie de habilidades gen\u00e9ricas, entre outros.\u201d<\/em><\/p>\n<p>Partindo desse ponto de vista, quais elementos deveriam estar presentes invariavelmente na prepara\u00e7\u00e3o dos jovens? Segundo Jorge Ar\u00e9valo, uma forma\u00e7\u00e3o t\u00e9cnico-cient\u00edfica, outra de car\u00e1ter cultural e human\u00edstico, uma necess\u00e1ria profissionaliza\u00e7\u00e3o com alto n\u00edvel de especificidade e, de maneira inquestion\u00e1vel, uma educa\u00e7\u00e3o em valores que forme cidad\u00e3os respons\u00e1veis e \u00edntegros.<\/p>\n<p>O col\u00f3quio entre os palestrantes continuou com o aprofundamento de temas como os valores presentes na juventude atual, a rela\u00e7\u00e3o entre trabalho e lazer e as rela\u00e7\u00f5es estabelecidas com a fam\u00edlia e os amigos.<\/p>\n                <\/div>\n            <\/div>\n        <\/div>\n    <\/div>\n<\/section>\t\t\t\t<\/div>\n\t\t\t\t<\/div>\n\t\t\t\t<div class=\"elementor-element elementor-element-20ffa7d9 elementor-widget elementor-widget-bloque-autor\" data-id=\"20ffa7d9\" data-element_type=\"widget\" data-widget_type=\"bloque-autor.default\">\n\t\t\t\t<div class=\"elementor-widget-container\">\n\t\t\t\t\t\n<section class=\"bloque bloque-autor  \">\n    <div class=\"container\">\n        <div class=\"row\">\n            <div class=\"col-12 col-lg-8 offset-lg-3\">\n                <div class=\"datos d-flex align-items-center\" data-aos=\"fade\" data-aos-delay=\"600\" data-aos-duration=\"800\">\n                    <div class=\"imagen\" ><img decoding=\"async\" src=\"https:\/\/oji.fundacion-sm.org\/wp-content\/uploads\/sites\/4\/2021\/04\/OJI-logo.png\" class=\"img-fluid\" alt=\"Logo del Observatorio de la Juventud en Iberoam\u00e9rica (OJI)\"><\/div>\n                    <div class=\"datos-content\">\n                        <p class=\"subtitulos\">OJI<\/p>\n                                                                    <\/div>\n                <\/div>\n            <\/div>\n        <\/div>\n    <\/div>\n<\/section>\t\t\t\t<\/div>\n\t\t\t\t<\/div>\n\t\t\t\t<div class=\"elementor-element elementor-element-6e1babcc elementor-widget elementor-widget-bloque-noticias\" data-id=\"6e1babcc\" data-element_type=\"widget\" data-widget_type=\"bloque-noticias.default\">\n\t\t\t\t<div class=\"elementor-widget-container\">\n\t\t\t\t\t<!-- Noticias -->\n<section class=\"bloque bloque-noticias  \">\n    <div class=\"container\">\n        <div class=\"background padding-interno \">\n                <div class=\"row titulo-con-enlace\">\n                    <div class=\"col-12 \">\n                        <h2 class=\"titulos\" data-aos=\"fade-left\" data-aos-duration=\"700\">Voc\u00ea pode gostar...<\/h2>                                                <a href=\"https:\/\/oji.fundacion-sm.org\/pt-br\/noticias-pt-br\/\" data-aos=\"fade-right\" data-aos-duration=\"700\" class=\"enlace btn-arrow\" title=\"Ver mais\"><span>Ver mais<\/span><\/a>\n                                            <\/div>\n                <\/div>\n\n                <div class=\"row justify-content-center gy-4 gy-lg-5\">\n                                                            <div class=\"col-12 col-lg-10 gx-4 gx-lg-5 d-flex align-items-stretch\" data-aos=\"fade-up\" data-aos-delay=\"200\" data-aos-duration=\"700\">\n                                    <a class=\"noticia \" href=\"https:\/\/oji.fundacion-sm.org\/pt-br\/noticias-pt-br\/pesquisa-juventudes-no-brasil-2021-um-retrato-das-multiplas-juventudes-existentes-no-brasil\/\">\n    <div class=\"listado row g-4 g-lg-5\">\n        <div class=\"col-12 col-sm-6\">\n            <div class=\"image\">\n                <img fetchpriority=\"high\" decoding=\"async\" width=\"890\" height=\"560\" src=\"https:\/\/oji.fundacion-sm.org\/wp-content\/uploads\/sites\/4\/2023\/11\/pesquisa-juventudes-no-brasil-2021-890x560.png\" class=\"img-fluid wp-post-image\" alt=\"\" \/>            <\/div>\n        <\/div>\n        <div class=\"col-12 col-sm-6 d-flex align-items-center\">\n            <div class=\"datos\">\n                <div class=\"categoria\">Not\u00edcias<\/div>\n                <div class=\"fecha\">16 novembro 2021<\/div>\n                <h3 class=\"subtitulos\">Pesquisa Juventudes no Brasil 2021: Um retrato das m\u00faltiplas juventudes existentes no Brasil<\/h3>\n            <\/div>\n        <\/div>\n    <\/div>    \n<\/a>                                    <\/div>\n                                                                    <div class=\"col-12 col-lg-10 gx-4 gx-lg-5 d-flex align-items-stretch\" data-aos=\"fade-up\" data-aos-delay=\"500\" data-aos-duration=\"700\">\n                                    <a class=\"noticia \" href=\"https:\/\/oji.fundacion-sm.org\/pt-br\/noticias-pt-br\/pesquisa-jovens-espanhois-entre-dois-seculos-1984-2017-ganha-destaque-em-apresentacao-em-san-sebastian-es\/\">\n    <div class=\"listado row g-4 g-lg-5\">\n        <div class=\"col-12 col-sm-6\">\n            <div class=\"image\">\n                <img decoding=\"async\" width=\"890\" height=\"560\" src=\"https:\/\/oji.fundacion-sm.org\/wp-content\/uploads\/sites\/4\/2023\/11\/Encuentro-San-Sebasti\u2020n-OJI-e1520321565788-1170x659-1-890x560.jpg\" class=\"img-fluid wp-post-image\" alt=\"\" \/>            <\/div>\n        <\/div>\n        <div class=\"col-12 col-sm-6 d-flex align-items-center\">\n            <div class=\"datos\">\n                <div class=\"categoria\">Not\u00edcias<\/div>\n                <div class=\"fecha\">05 mar\u00e7o 2018<\/div>\n                <h3 class=\"subtitulos\">Pesquisa \u201cJovens espanh\u00f3is entre dois s\u00e9culos 1984-2017\u201d ganha destaque em apresenta\u00e7\u00e3o em San Sebasti\u00e1n (ES)<\/h3>\n            <\/div>\n        <\/div>\n    <\/div>    \n<\/a>                                    <\/div>\n                                            <\/div>\n        <\/div>\n    <\/div>\n<\/section>\t\t\t\t<\/div>\n\t\t\t\t<\/div>\n\t\t\t\t\t<\/div>\n\t\t<\/div>\n\t\t\t\t\t<\/div>\n\t\t<\/section>\n\t\t\t\t<\/div>\n\t\t","protected":false},"excerpt":{"rendered":"<p>Para n\u00f3s, \u00e9 muito importante perguntar e fazer valer a vontade dos jovens. Como podemos ver, em rela\u00e7\u00e3o a muitos aspectos importantes da vida deles, como se relacionam com o mundo da pol\u00edtica, com a fam\u00edlia e os amigos, com a religi\u00e3o e com o lazer, entre outros temas. Javier Palop, Diretor Geral da Funda\u00e7\u00e3o [&hellip;]<\/p>\n","protected":false},"author":2,"featured_media":4254,"comment_status":"closed","ping_status":"closed","sticky":false,"template":"","format":"standard","meta":{"_acf_changed":false,"footnotes":""},"categories":[7],"tags":[],"class_list":["post-4264","post","type-post","status-publish","format-standard","has-post-thumbnail","hentry","category-noticias-pt-br"],"acf":[],"yoast_head":"<!-- This site is optimized with the Yoast SEO plugin v26.7 - https:\/\/yoast.com\/wordpress\/plugins\/seo\/ -->\n<title>Pesquisa \u201cJovens espanh\u00f3is entre dois s\u00e9culos 1984-2017\u201d ganha destaque em apresenta\u00e7\u00e3o em San Sebasti\u00e1n (ES) - Observat\u00f3rio da Juventude na Ibero-Am\u00e9rica (OJI)<\/title>\n<meta name=\"description\" content=\"O Diretor Geral da Funda\u00e7\u00e3o SM, Javier Palop, abriu os debates acerca dos desafios educacionais apresentados em alguns dos resultados extra\u00eddos do relat\u00f3rio &quot;Jovens espanh\u00f3is entre dois s\u00e9culos (1984-2017)&quot;.\" \/>\n<meta name=\"robots\" content=\"index, follow, max-snippet:-1, max-image-preview:large, max-video-preview:-1\" \/>\n<link rel=\"canonical\" href=\"https:\/\/oji.fundacion-sm.org\/pt-br\/noticias-pt-br\/pesquisa-jovens-espanhois-entre-dois-seculos-1984-2017-ganha-destaque-em-apresentacao-em-san-sebastian-es\/\" \/>\n<meta property=\"og:locale\" content=\"pt_BR\" \/>\n<meta property=\"og:type\" content=\"article\" \/>\n<meta property=\"og:title\" content=\"Pesquisa \u201cJovens espanh\u00f3is entre dois s\u00e9culos 1984-2017\u201d ganha destaque em apresenta\u00e7\u00e3o em San Sebasti\u00e1n (ES) - Observat\u00f3rio da Juventude na Ibero-Am\u00e9rica (OJI)\" \/>\n<meta property=\"og:description\" content=\"O Diretor Geral da Funda\u00e7\u00e3o SM, Javier Palop, abriu os debates acerca dos desafios educacionais apresentados em alguns dos resultados extra\u00eddos do relat\u00f3rio &quot;Jovens espanh\u00f3is entre dois s\u00e9culos (1984-2017)&quot;.\" \/>\n<meta property=\"og:url\" content=\"https:\/\/oji.fundacion-sm.org\/pt-br\/noticias-pt-br\/pesquisa-jovens-espanhois-entre-dois-seculos-1984-2017-ganha-destaque-em-apresentacao-em-san-sebastian-es\/\" \/>\n<meta property=\"og:site_name\" content=\"Observat\u00f3rio da Juventude na Ibero-Am\u00e9rica (OJI)\" \/>\n<meta property=\"article:published_time\" content=\"2018-03-05T11:00:00+00:00\" \/>\n<meta property=\"article:modified_time\" content=\"2023-11-09T11:16:21+00:00\" \/>\n<meta property=\"og:image\" content=\"https:\/\/oji.fundacion-sm.org\/wp-content\/uploads\/sites\/4\/2023\/11\/Encuentro-San-Sebasti\u2020n-OJI-e1520321565788-1170x659-1.jpg\" \/>\n\t<meta property=\"og:image:width\" content=\"1170\" \/>\n\t<meta property=\"og:image:height\" content=\"659\" \/>\n\t<meta property=\"og:image:type\" content=\"image\/jpeg\" \/>\n<meta name=\"author\" content=\"Antonio Rockin&#039;Pixels\" \/>\n<meta name=\"twitter:card\" content=\"summary_large_image\" \/>\n<script type=\"application\/ld+json\" class=\"yoast-schema-graph\">{\"@context\":\"https:\/\/schema.org\",\"@graph\":[{\"@type\":\"Article\",\"@id\":\"https:\/\/oji.fundacion-sm.org\/pt-br\/noticias-pt-br\/pesquisa-jovens-espanhois-entre-dois-seculos-1984-2017-ganha-destaque-em-apresentacao-em-san-sebastian-es\/#article\",\"isPartOf\":{\"@id\":\"https:\/\/oji.fundacion-sm.org\/pt-br\/noticias-pt-br\/pesquisa-jovens-espanhois-entre-dois-seculos-1984-2017-ganha-destaque-em-apresentacao-em-san-sebastian-es\/\"},\"author\":{\"name\":\"Antonio Rockin'Pixels\",\"@id\":\"https:\/\/oji.fundacion-sm.org\/pt-br\/#\/schema\/person\/853f955beb537b852c3687d514f42948\"},\"headline\":\"Pesquisa \u201cJovens espanh\u00f3is entre dois s\u00e9culos 1984-2017\u201d ganha destaque em apresenta\u00e7\u00e3o em San Sebasti\u00e1n (ES)\",\"datePublished\":\"2018-03-05T11:00:00+00:00\",\"dateModified\":\"2023-11-09T11:16:21+00:00\",\"mainEntityOfPage\":{\"@id\":\"https:\/\/oji.fundacion-sm.org\/pt-br\/noticias-pt-br\/pesquisa-jovens-espanhois-entre-dois-seculos-1984-2017-ganha-destaque-em-apresentacao-em-san-sebastian-es\/\"},\"wordCount\":862,\"publisher\":{\"@id\":\"https:\/\/oji.fundacion-sm.org\/pt-br\/#organization\"},\"image\":{\"@id\":\"https:\/\/oji.fundacion-sm.org\/pt-br\/noticias-pt-br\/pesquisa-jovens-espanhois-entre-dois-seculos-1984-2017-ganha-destaque-em-apresentacao-em-san-sebastian-es\/#primaryimage\"},\"thumbnailUrl\":\"https:\/\/oji.fundacion-sm.org\/wp-content\/uploads\/sites\/4\/2023\/11\/Encuentro-San-Sebasti\u2020n-OJI-e1520321565788-1170x659-1.jpg\",\"articleSection\":[\"Not\u00edcias\"],\"inLanguage\":\"pt-BR\"},{\"@type\":\"WebPage\",\"@id\":\"https:\/\/oji.fundacion-sm.org\/pt-br\/noticias-pt-br\/pesquisa-jovens-espanhois-entre-dois-seculos-1984-2017-ganha-destaque-em-apresentacao-em-san-sebastian-es\/\",\"url\":\"https:\/\/oji.fundacion-sm.org\/pt-br\/noticias-pt-br\/pesquisa-jovens-espanhois-entre-dois-seculos-1984-2017-ganha-destaque-em-apresentacao-em-san-sebastian-es\/\",\"name\":\"Pesquisa \u201cJovens espanh\u00f3is entre dois s\u00e9culos 1984-2017\u201d ganha destaque em apresenta\u00e7\u00e3o em San Sebasti\u00e1n (ES) - Observat\u00f3rio da Juventude na Ibero-Am\u00e9rica (OJI)\",\"isPartOf\":{\"@id\":\"https:\/\/oji.fundacion-sm.org\/pt-br\/#website\"},\"primaryImageOfPage\":{\"@id\":\"https:\/\/oji.fundacion-sm.org\/pt-br\/noticias-pt-br\/pesquisa-jovens-espanhois-entre-dois-seculos-1984-2017-ganha-destaque-em-apresentacao-em-san-sebastian-es\/#primaryimage\"},\"image\":{\"@id\":\"https:\/\/oji.fundacion-sm.org\/pt-br\/noticias-pt-br\/pesquisa-jovens-espanhois-entre-dois-seculos-1984-2017-ganha-destaque-em-apresentacao-em-san-sebastian-es\/#primaryimage\"},\"thumbnailUrl\":\"https:\/\/oji.fundacion-sm.org\/wp-content\/uploads\/sites\/4\/2023\/11\/Encuentro-San-Sebasti\u2020n-OJI-e1520321565788-1170x659-1.jpg\",\"datePublished\":\"2018-03-05T11:00:00+00:00\",\"dateModified\":\"2023-11-09T11:16:21+00:00\",\"description\":\"O Diretor Geral da Funda\u00e7\u00e3o SM, Javier Palop, abriu os debates acerca dos desafios educacionais apresentados em alguns dos resultados extra\u00eddos do relat\u00f3rio \\\"Jovens espanh\u00f3is entre dois s\u00e9culos (1984-2017)\\\".\",\"breadcrumb\":{\"@id\":\"https:\/\/oji.fundacion-sm.org\/pt-br\/noticias-pt-br\/pesquisa-jovens-espanhois-entre-dois-seculos-1984-2017-ganha-destaque-em-apresentacao-em-san-sebastian-es\/#breadcrumb\"},\"inLanguage\":\"pt-BR\",\"potentialAction\":[{\"@type\":\"ReadAction\",\"target\":[\"https:\/\/oji.fundacion-sm.org\/pt-br\/noticias-pt-br\/pesquisa-jovens-espanhois-entre-dois-seculos-1984-2017-ganha-destaque-em-apresentacao-em-san-sebastian-es\/\"]}]},{\"@type\":\"ImageObject\",\"inLanguage\":\"pt-BR\",\"@id\":\"https:\/\/oji.fundacion-sm.org\/pt-br\/noticias-pt-br\/pesquisa-jovens-espanhois-entre-dois-seculos-1984-2017-ganha-destaque-em-apresentacao-em-san-sebastian-es\/#primaryimage\",\"url\":\"https:\/\/oji.fundacion-sm.org\/wp-content\/uploads\/sites\/4\/2023\/11\/Encuentro-San-Sebasti\u2020n-OJI-e1520321565788-1170x659-1.jpg\",\"contentUrl\":\"https:\/\/oji.fundacion-sm.org\/wp-content\/uploads\/sites\/4\/2023\/11\/Encuentro-San-Sebasti\u2020n-OJI-e1520321565788-1170x659-1.jpg\",\"width\":1170,\"height\":659},{\"@type\":\"BreadcrumbList\",\"@id\":\"https:\/\/oji.fundacion-sm.org\/pt-br\/noticias-pt-br\/pesquisa-jovens-espanhois-entre-dois-seculos-1984-2017-ganha-destaque-em-apresentacao-em-san-sebastian-es\/#breadcrumb\",\"itemListElement\":[{\"@type\":\"ListItem\",\"position\":1,\"name\":\"Home\",\"item\":\"https:\/\/oji.fundacion-sm.org\/pt-br\/\"},{\"@type\":\"ListItem\",\"position\":2,\"name\":\"Not\u00edcias\",\"item\":\"https:\/\/oji.fundacion-sm.org\/pt-br\/noticias-pt-br\/\"},{\"@type\":\"ListItem\",\"position\":3,\"name\":\"Pesquisa \u201cJovens espanh\u00f3is entre dois s\u00e9culos 1984-2017\u201d ganha destaque em apresenta\u00e7\u00e3o em San Sebasti\u00e1n (ES)\"}]},{\"@type\":\"WebSite\",\"@id\":\"https:\/\/oji.fundacion-sm.org\/pt-br\/#website\",\"url\":\"https:\/\/oji.fundacion-sm.org\/pt-br\/\",\"name\":\"Observat\u00f3rio da Juventude na Ibero-Am\u00e9rica (OJI)\",\"description\":\"Somos un programa de la Fundaci\u00f3n SM con vocaci\u00f3n de agrupar conocimiento, ser un lugar de referencia y servir de nexo de uni\u00f3n entre distintos observatorios y estudios sobre juventud e Iberoam\u00e9rica.\",\"publisher\":{\"@id\":\"https:\/\/oji.fundacion-sm.org\/pt-br\/#organization\"},\"potentialAction\":[{\"@type\":\"SearchAction\",\"target\":{\"@type\":\"EntryPoint\",\"urlTemplate\":\"https:\/\/oji.fundacion-sm.org\/pt-br\/?s={search_term_string}\"},\"query-input\":{\"@type\":\"PropertyValueSpecification\",\"valueRequired\":true,\"valueName\":\"search_term_string\"}}],\"inLanguage\":\"pt-BR\"},{\"@type\":\"Organization\",\"@id\":\"https:\/\/oji.fundacion-sm.org\/pt-br\/#organization\",\"name\":\"Fundaci\u00f3n SM\",\"url\":\"https:\/\/oji.fundacion-sm.org\/pt-br\/\",\"logo\":{\"@type\":\"ImageObject\",\"inLanguage\":\"pt-BR\",\"@id\":\"https:\/\/oji.fundacion-sm.org\/pt-br\/#\/schema\/logo\/image\/\",\"url\":\"https:\/\/oji.fundacion-sm.org\/wp-content\/uploads\/sites\/4\/2023\/10\/logotipo-fundacion-sm.png\",\"contentUrl\":\"https:\/\/oji.fundacion-sm.org\/wp-content\/uploads\/sites\/4\/2023\/10\/logotipo-fundacion-sm.png\",\"width\":447,\"height\":85,\"caption\":\"Fundaci\u00f3n SM\"},\"image\":{\"@id\":\"https:\/\/oji.fundacion-sm.org\/pt-br\/#\/schema\/logo\/image\/\"}},{\"@type\":\"Person\",\"@id\":\"https:\/\/oji.fundacion-sm.org\/pt-br\/#\/schema\/person\/853f955beb537b852c3687d514f42948\",\"name\":\"Antonio Rockin'Pixels\"}]}<\/script>\n<!-- \/ Yoast SEO plugin. -->","yoast_head_json":{"title":"Pesquisa \u201cJovens espanh\u00f3is entre dois s\u00e9culos 1984-2017\u201d ganha destaque em apresenta\u00e7\u00e3o em San Sebasti\u00e1n (ES) - Observat\u00f3rio da Juventude na Ibero-Am\u00e9rica (OJI)","description":"O Diretor Geral da Funda\u00e7\u00e3o SM, Javier Palop, abriu os debates acerca dos desafios educacionais apresentados em alguns dos resultados extra\u00eddos do relat\u00f3rio \"Jovens espanh\u00f3is entre dois s\u00e9culos (1984-2017)\".","robots":{"index":"index","follow":"follow","max-snippet":"max-snippet:-1","max-image-preview":"max-image-preview:large","max-video-preview":"max-video-preview:-1"},"canonical":"https:\/\/oji.fundacion-sm.org\/pt-br\/noticias-pt-br\/pesquisa-jovens-espanhois-entre-dois-seculos-1984-2017-ganha-destaque-em-apresentacao-em-san-sebastian-es\/","og_locale":"pt_BR","og_type":"article","og_title":"Pesquisa \u201cJovens espanh\u00f3is entre dois s\u00e9culos 1984-2017\u201d ganha destaque em apresenta\u00e7\u00e3o em San Sebasti\u00e1n (ES) - Observat\u00f3rio da Juventude na Ibero-Am\u00e9rica (OJI)","og_description":"O Diretor Geral da Funda\u00e7\u00e3o SM, Javier Palop, abriu os debates acerca dos desafios educacionais apresentados em alguns dos resultados extra\u00eddos do relat\u00f3rio \"Jovens espanh\u00f3is entre dois s\u00e9culos (1984-2017)\".","og_url":"https:\/\/oji.fundacion-sm.org\/pt-br\/noticias-pt-br\/pesquisa-jovens-espanhois-entre-dois-seculos-1984-2017-ganha-destaque-em-apresentacao-em-san-sebastian-es\/","og_site_name":"Observat\u00f3rio da Juventude na Ibero-Am\u00e9rica (OJI)","article_published_time":"2018-03-05T11:00:00+00:00","article_modified_time":"2023-11-09T11:16:21+00:00","og_image":[{"width":1170,"height":659,"url":"https:\/\/oji.fundacion-sm.org\/wp-content\/uploads\/sites\/4\/2023\/11\/Encuentro-San-Sebasti\u2020n-OJI-e1520321565788-1170x659-1.jpg","type":"image\/jpeg"}],"author":"Antonio Rockin'Pixels","twitter_card":"summary_large_image","schema":{"@context":"https:\/\/schema.org","@graph":[{"@type":"Article","@id":"https:\/\/oji.fundacion-sm.org\/pt-br\/noticias-pt-br\/pesquisa-jovens-espanhois-entre-dois-seculos-1984-2017-ganha-destaque-em-apresentacao-em-san-sebastian-es\/#article","isPartOf":{"@id":"https:\/\/oji.fundacion-sm.org\/pt-br\/noticias-pt-br\/pesquisa-jovens-espanhois-entre-dois-seculos-1984-2017-ganha-destaque-em-apresentacao-em-san-sebastian-es\/"},"author":{"name":"Antonio Rockin'Pixels","@id":"https:\/\/oji.fundacion-sm.org\/pt-br\/#\/schema\/person\/853f955beb537b852c3687d514f42948"},"headline":"Pesquisa \u201cJovens espanh\u00f3is entre dois s\u00e9culos 1984-2017\u201d ganha destaque em apresenta\u00e7\u00e3o em San Sebasti\u00e1n (ES)","datePublished":"2018-03-05T11:00:00+00:00","dateModified":"2023-11-09T11:16:21+00:00","mainEntityOfPage":{"@id":"https:\/\/oji.fundacion-sm.org\/pt-br\/noticias-pt-br\/pesquisa-jovens-espanhois-entre-dois-seculos-1984-2017-ganha-destaque-em-apresentacao-em-san-sebastian-es\/"},"wordCount":862,"publisher":{"@id":"https:\/\/oji.fundacion-sm.org\/pt-br\/#organization"},"image":{"@id":"https:\/\/oji.fundacion-sm.org\/pt-br\/noticias-pt-br\/pesquisa-jovens-espanhois-entre-dois-seculos-1984-2017-ganha-destaque-em-apresentacao-em-san-sebastian-es\/#primaryimage"},"thumbnailUrl":"https:\/\/oji.fundacion-sm.org\/wp-content\/uploads\/sites\/4\/2023\/11\/Encuentro-San-Sebasti\u2020n-OJI-e1520321565788-1170x659-1.jpg","articleSection":["Not\u00edcias"],"inLanguage":"pt-BR"},{"@type":"WebPage","@id":"https:\/\/oji.fundacion-sm.org\/pt-br\/noticias-pt-br\/pesquisa-jovens-espanhois-entre-dois-seculos-1984-2017-ganha-destaque-em-apresentacao-em-san-sebastian-es\/","url":"https:\/\/oji.fundacion-sm.org\/pt-br\/noticias-pt-br\/pesquisa-jovens-espanhois-entre-dois-seculos-1984-2017-ganha-destaque-em-apresentacao-em-san-sebastian-es\/","name":"Pesquisa \u201cJovens espanh\u00f3is entre dois s\u00e9culos 1984-2017\u201d ganha destaque em apresenta\u00e7\u00e3o em San Sebasti\u00e1n (ES) - Observat\u00f3rio da Juventude na Ibero-Am\u00e9rica (OJI)","isPartOf":{"@id":"https:\/\/oji.fundacion-sm.org\/pt-br\/#website"},"primaryImageOfPage":{"@id":"https:\/\/oji.fundacion-sm.org\/pt-br\/noticias-pt-br\/pesquisa-jovens-espanhois-entre-dois-seculos-1984-2017-ganha-destaque-em-apresentacao-em-san-sebastian-es\/#primaryimage"},"image":{"@id":"https:\/\/oji.fundacion-sm.org\/pt-br\/noticias-pt-br\/pesquisa-jovens-espanhois-entre-dois-seculos-1984-2017-ganha-destaque-em-apresentacao-em-san-sebastian-es\/#primaryimage"},"thumbnailUrl":"https:\/\/oji.fundacion-sm.org\/wp-content\/uploads\/sites\/4\/2023\/11\/Encuentro-San-Sebasti\u2020n-OJI-e1520321565788-1170x659-1.jpg","datePublished":"2018-03-05T11:00:00+00:00","dateModified":"2023-11-09T11:16:21+00:00","description":"O Diretor Geral da Funda\u00e7\u00e3o SM, Javier Palop, abriu os debates acerca dos desafios educacionais apresentados em alguns dos resultados extra\u00eddos do relat\u00f3rio \"Jovens espanh\u00f3is entre dois s\u00e9culos (1984-2017)\".","breadcrumb":{"@id":"https:\/\/oji.fundacion-sm.org\/pt-br\/noticias-pt-br\/pesquisa-jovens-espanhois-entre-dois-seculos-1984-2017-ganha-destaque-em-apresentacao-em-san-sebastian-es\/#breadcrumb"},"inLanguage":"pt-BR","potentialAction":[{"@type":"ReadAction","target":["https:\/\/oji.fundacion-sm.org\/pt-br\/noticias-pt-br\/pesquisa-jovens-espanhois-entre-dois-seculos-1984-2017-ganha-destaque-em-apresentacao-em-san-sebastian-es\/"]}]},{"@type":"ImageObject","inLanguage":"pt-BR","@id":"https:\/\/oji.fundacion-sm.org\/pt-br\/noticias-pt-br\/pesquisa-jovens-espanhois-entre-dois-seculos-1984-2017-ganha-destaque-em-apresentacao-em-san-sebastian-es\/#primaryimage","url":"https:\/\/oji.fundacion-sm.org\/wp-content\/uploads\/sites\/4\/2023\/11\/Encuentro-San-Sebasti\u2020n-OJI-e1520321565788-1170x659-1.jpg","contentUrl":"https:\/\/oji.fundacion-sm.org\/wp-content\/uploads\/sites\/4\/2023\/11\/Encuentro-San-Sebasti\u2020n-OJI-e1520321565788-1170x659-1.jpg","width":1170,"height":659},{"@type":"BreadcrumbList","@id":"https:\/\/oji.fundacion-sm.org\/pt-br\/noticias-pt-br\/pesquisa-jovens-espanhois-entre-dois-seculos-1984-2017-ganha-destaque-em-apresentacao-em-san-sebastian-es\/#breadcrumb","itemListElement":[{"@type":"ListItem","position":1,"name":"Home","item":"https:\/\/oji.fundacion-sm.org\/pt-br\/"},{"@type":"ListItem","position":2,"name":"Not\u00edcias","item":"https:\/\/oji.fundacion-sm.org\/pt-br\/noticias-pt-br\/"},{"@type":"ListItem","position":3,"name":"Pesquisa \u201cJovens espanh\u00f3is entre dois s\u00e9culos 1984-2017\u201d ganha destaque em apresenta\u00e7\u00e3o em San Sebasti\u00e1n (ES)"}]},{"@type":"WebSite","@id":"https:\/\/oji.fundacion-sm.org\/pt-br\/#website","url":"https:\/\/oji.fundacion-sm.org\/pt-br\/","name":"Observat\u00f3rio da Juventude na Ibero-Am\u00e9rica (OJI)","description":"Somos un programa de la Fundaci\u00f3n SM con vocaci\u00f3n de agrupar conocimiento, ser un lugar de referencia y servir de nexo de uni\u00f3n entre distintos observatorios y estudios sobre juventud e Iberoam\u00e9rica.","publisher":{"@id":"https:\/\/oji.fundacion-sm.org\/pt-br\/#organization"},"potentialAction":[{"@type":"SearchAction","target":{"@type":"EntryPoint","urlTemplate":"https:\/\/oji.fundacion-sm.org\/pt-br\/?s={search_term_string}"},"query-input":{"@type":"PropertyValueSpecification","valueRequired":true,"valueName":"search_term_string"}}],"inLanguage":"pt-BR"},{"@type":"Organization","@id":"https:\/\/oji.fundacion-sm.org\/pt-br\/#organization","name":"Fundaci\u00f3n SM","url":"https:\/\/oji.fundacion-sm.org\/pt-br\/","logo":{"@type":"ImageObject","inLanguage":"pt-BR","@id":"https:\/\/oji.fundacion-sm.org\/pt-br\/#\/schema\/logo\/image\/","url":"https:\/\/oji.fundacion-sm.org\/wp-content\/uploads\/sites\/4\/2023\/10\/logotipo-fundacion-sm.png","contentUrl":"https:\/\/oji.fundacion-sm.org\/wp-content\/uploads\/sites\/4\/2023\/10\/logotipo-fundacion-sm.png","width":447,"height":85,"caption":"Fundaci\u00f3n SM"},"image":{"@id":"https:\/\/oji.fundacion-sm.org\/pt-br\/#\/schema\/logo\/image\/"}},{"@type":"Person","@id":"https:\/\/oji.fundacion-sm.org\/pt-br\/#\/schema\/person\/853f955beb537b852c3687d514f42948","name":"Antonio Rockin'Pixels"}]}},"_links":{"self":[{"href":"https:\/\/oji.fundacion-sm.org\/pt-br\/wp-json\/wp\/v2\/posts\/4264","targetHints":{"allow":["GET"]}}],"collection":[{"href":"https:\/\/oji.fundacion-sm.org\/pt-br\/wp-json\/wp\/v2\/posts"}],"about":[{"href":"https:\/\/oji.fundacion-sm.org\/pt-br\/wp-json\/wp\/v2\/types\/post"}],"author":[{"embeddable":true,"href":"https:\/\/oji.fundacion-sm.org\/pt-br\/wp-json\/wp\/v2\/users\/2"}],"replies":[{"embeddable":true,"href":"https:\/\/oji.fundacion-sm.org\/pt-br\/wp-json\/wp\/v2\/comments?post=4264"}],"version-history":[{"count":8,"href":"https:\/\/oji.fundacion-sm.org\/pt-br\/wp-json\/wp\/v2\/posts\/4264\/revisions"}],"predecessor-version":[{"id":4273,"href":"https:\/\/oji.fundacion-sm.org\/pt-br\/wp-json\/wp\/v2\/posts\/4264\/revisions\/4273"}],"wp:featuredmedia":[{"embeddable":true,"href":"https:\/\/oji.fundacion-sm.org\/pt-br\/wp-json\/wp\/v2\/media\/4254"}],"wp:attachment":[{"href":"https:\/\/oji.fundacion-sm.org\/pt-br\/wp-json\/wp\/v2\/media?parent=4264"}],"wp:term":[{"taxonomy":"category","embeddable":true,"href":"https:\/\/oji.fundacion-sm.org\/pt-br\/wp-json\/wp\/v2\/categories?post=4264"},{"taxonomy":"post_tag","embeddable":true,"href":"https:\/\/oji.fundacion-sm.org\/pt-br\/wp-json\/wp\/v2\/tags?post=4264"}],"curies":[{"name":"wp","href":"https:\/\/api.w.org\/{rel}","templated":true}]}}