{"id":5107,"date":"2024-09-10T18:47:06","date_gmt":"2024-09-10T16:47:06","guid":{"rendered":"https:\/\/oji.fundacion-sm.org\/?p=5107"},"modified":"2024-09-10T18:47:06","modified_gmt":"2024-09-10T16:47:06","slug":"pesquisas-flash-por-que-estudamos","status":"publish","type":"post","link":"https:\/\/oji.fundacion-sm.org\/pt-br\/em-foco\/formacao-foco-pt-br\/pesquisas-flash-por-que-estudamos\/","title":{"rendered":"PESQUISAS FLASH: Por que estudamos?"},"content":{"rendered":"\t\t<div data-elementor-type=\"wp-post\" data-elementor-id=\"5107\" class=\"elementor elementor-5107 elementor-5106\" data-elementor-post-type=\"post\">\n\t\t\t\t\t\t<section class=\"elementor-section elementor-top-section elementor-element elementor-element-e6a58d1 elementor-section-full_width elementor-section-height-default elementor-section-height-default\" data-id=\"e6a58d1\" data-element_type=\"section\">\n\t\t\t\t\t\t<div class=\"elementor-container elementor-column-gap-default\">\n\t\t\t\t\t<div class=\"elementor-column elementor-col-100 elementor-top-column elementor-element elementor-element-fd1a4a9\" data-id=\"fd1a4a9\" data-element_type=\"column\">\n\t\t\t<div class=\"elementor-widget-wrap elementor-element-populated\">\n\t\t\t\t\t\t<div class=\"elementor-element elementor-element-341c6df elementor-widget elementor-widget-bloque-texto\" data-id=\"341c6df\" data-element_type=\"widget\" data-widget_type=\"bloque-texto.default\">\n\t\t\t\t<div class=\"elementor-widget-container\">\n\t\t\t\t\t<!-- Texto -->\n<section class=\"bloque bloque-texto  \">\n    <div class=\"container\">\n                <div class=\"row\">\n            <div class=\"col-12 col-lg-8 offset-lg-3\">\n                <div class=\"the_content\" data-aos=\"fade-up\" data-aos-duration=\"700\">\n                                        <p><strong>As raz\u00f5es ligadas ao futuro profissional s\u00e3o as principais motiva\u00e7\u00f5es para os e as jovens estudarem:<\/strong> poder fazer o que gostam (Espanha 29%), (Chile 27%), (M\u00e9xico 18%); ter mais oportunidades de trabalho (M\u00e9xico 31%), (Brasil 27%), (Espanha 23%) ou ter um emprego bem remunerado s\u00e3o quest\u00f5es mais importantes do que aquelas relacionadas ao interesse em aprender, formar-se ou mudar o mundo.<\/p>\n<p>Em conson\u00e2ncia com o exposto acima, os e as jovens dos quatro pa\u00edses escolher\u00e3o seus itiner\u00e1rios de forma\u00e7\u00e3o de acordo com as oportunidades profissionais. No caso da Espanha (26%) e do Chile (24%), tamb\u00e9m por voca\u00e7\u00e3o.<span id=\"more-9260\"><\/span><\/p>\n<p><strong>\u201cPor que estudamos?\u201d<\/strong> \u00e9 a terceira enquete da s\u00e9rie \u201cPesquisas Flash\u201d. Um projeto que busca reunir periodicamente as opini\u00f5es sobre temas atuais de jovens de 15 a 29 anos que vivem em quatro pa\u00edses onde a Funda\u00e7\u00e3o SM est\u00e1 presente (Espanha, M\u00e9xico, Brasil e Chile).<\/p>\n<p>O objetivo da pesquisa era descobrir o valor e o significado que os e as jovens atribuem \u00e0 educa\u00e7\u00e3o, seus crit\u00e9rios ao escolher um determinado itiner\u00e1rio de forma\u00e7\u00e3o, sua avalia\u00e7\u00e3o dos servi\u00e7os de orienta\u00e7\u00e3o e, em termos gerais, sua percep\u00e7\u00e3o da capacidade dos sistemas e dos pr\u00f3prios docentes de se atualizarem e atenderem \u00e0s necessidades educacionais dos alunos.<\/p>\n<p><strong>Mais de 70% das e dos jovens pesquisados nos quatro pa\u00edses adoram o que estudam.<\/strong> Entretanto, um pouco mais da metade admite que teria escolhido outro tipo de forma\u00e7\u00e3o se seu futuro estivesse financeiramente garantido.<\/p>\n<p>A maioria considera que os sistemas educacionais est\u00e3o se adaptando suficientemente \u00e0s mudan\u00e7as no mercado de trabalho e<strong> avalia positivamente as atualiza\u00e7\u00f5es metodol\u00f3gicas que os docentes est\u00e3o fazendo para atender \u00e0s necessidades dos alunos.<\/strong> No entanto, nesse aspecto, consideram que a forma\u00e7\u00e3o profissional tem uma maior capacidade de adapta\u00e7\u00e3o, embora ainda carregue o estigma de menor reconhecimento social.<\/p>\n<p><strong>Mais de 75% das e dos jovens pesquisados nos quatro pa\u00edses consideram que a sociedade d\u00e1 mais import\u00e2ncia a ter um diploma do que a ser uma pessoa qualificada.<\/strong> Alinhada a essa \u201cpercep\u00e7\u00e3o social\u201d, a maioria dos jovens afirma que ter uma s\u00e9rie de conhecimentos ou habilidades \u00e9 in\u00fatil se n\u00e3o puder comprov\u00e1-los com um diploma acad\u00eamico.<\/p>\n                <\/div>\n            <\/div>\n        <\/div>\n    <\/div>\n<\/section>\t\t\t\t<\/div>\n\t\t\t\t<\/div>\n\t\t\t\t<div class=\"elementor-element elementor-element-68cd77d elementor-widget elementor-widget-portada-carrusel-logos\" data-id=\"68cd77d\" data-element_type=\"widget\" data-widget_type=\"portada-carrusel-logos.default\">\n\t\t\t\t<div class=\"elementor-widget-container\">\n\t\t\t\t\t<!-- Bloque contenidos: Botones CTA + Enlaces -->\n<section class=\"bloque bloque-botonera-cta-enlace  \">\n    <div class=\"container\">\n                <div class=\"row\">\n            <div class=\"col-12 col-lg-5 offset-lg-1\">\n                <h2 class=\"titulos\" data-aos=\"fade-left\" data-aos-duration=\"700\">Apresenta\u00e7\u00e3o de resultados:<\/h2>            <\/div>\n        <\/div>\n                <div class=\"row\">\n            <div class=\"col-12 col-lg-8 offset-lg-3\">  \n                <div class=\"row row-cols-auto\">\n                                            <div class=\"col-6\" data-aos=\"fade\" data-aos-duration=\"700\">\n                            <a href=\"https:\/\/redgesm.sharepoint.com\/:b:\/s\/WebsFundacinSM\/ETiKnTv-sQVEmrmpJc_6J_MBqBNDq2LRby3NYizvcM7AAw?e=qMiCJp\" class=\"btn btn-primary\" title=\"Brasil\" target=\"_blank\">Brasil <i aria-hidden=\"true\" class=\"far fa-arrow-alt-circle-right\"><\/i><\/a>\n                        <\/div>\n                                                <div class=\"col-6\" data-aos=\"fade\" data-aos-duration=\"700\">\n                            <a href=\"https:\/\/redgesm.sharepoint.com\/:b:\/s\/WebsFundacinSM\/EeI8evYIQOlMra67CfMk_hgBfhDS-BO-TmqMoOgxE0WvQg?e=einTp6\" class=\"btn btn-primary\" title=\"Chile\" target=\"_blank\">Chile <i aria-hidden=\"true\" class=\"far fa-arrow-alt-circle-right\"><\/i><\/a>\n                        <\/div>\n                                                <div class=\"col-6\" data-aos=\"fade\" data-aos-duration=\"700\">\n                            <a href=\"https:\/\/redgesm.sharepoint.com\/:b:\/s\/WebsFundacinSM\/EVcY-_RgLdZPkyk1j3Rf0ycBM-cGerMpw3gFrH-lqSAMBQ?e=5pJ4Yw\" class=\"btn btn-primary\" title=\"Espanha\" target=\"_blank\">Espanha <i aria-hidden=\"true\" class=\"far fa-arrow-alt-circle-right\"><\/i><\/a>\n                        <\/div>\n                                                <div class=\"col-6\" data-aos=\"fade\" data-aos-duration=\"700\">\n                            <a href=\"https:\/\/redgesm.sharepoint.com\/:b:\/s\/WebsFundacinSM\/EeiiXp-ENGJLlus0O78jbQ8BSn49OiGl062GaiSGmF5z9w?e=4K9U0F\" class=\"btn btn-primary\" title=\"M\u00e9xico\" target=\"_blank\">M\u00e9xico <i aria-hidden=\"true\" class=\"far fa-arrow-alt-circle-right\"><\/i><\/a>\n                        <\/div>\n                                                            <\/div>\n            <\/div>\n        <\/div>\n    <\/div>\n<\/section>\t\t\t\t<\/div>\n\t\t\t\t<\/div>\n\t\t\t\t<div class=\"elementor-element elementor-element-c73b19b elementor-widget elementor-widget-bloque-texto\" data-id=\"c73b19b\" data-element_type=\"widget\" data-widget_type=\"bloque-texto.default\">\n\t\t\t\t<div class=\"elementor-widget-container\">\n\t\t\t\t\t<!-- Texto -->\n<section class=\"bloque bloque-texto padding-interno \">\n    <div class=\"container\">\n                <div class=\"row\">\n            <div class=\"col-12 col-lg-8 offset-lg-3\">\n                <div class=\"the_content\" data-aos=\"fade-up\" data-aos-duration=\"700\">\n                                        <p><em><strong>Pesquisas flash<\/strong> \u00e9 uma iniciativa que faz parte do extenso trabalho que a Funda\u00e7\u00e3o SM desenvolve a partir do Observat\u00f3rio da Juventude na Ibero-Am\u00e9rica. O seu objetivo \u00e9 captar, em pouco tempo e simultaneamente em quatro pa\u00edses, a opini\u00e3o dos jovens sobre uma quest\u00e3o espec\u00edfica e, ent\u00e3o, compartilhar a an\u00e1lise dos dados e o relat\u00f3rio dos resultados de maneira \u00e1gil. \u00c9 uma maneira de ajudar as escolas e entidades educativas na tomada de decis\u00f5es para uma educa\u00e7\u00e3o de qualidade para as crian\u00e7as e os jovens.<\/em><\/p>\n                <\/div>\n            <\/div>\n        <\/div>\n    <\/div>\n<\/section>\t\t\t\t<\/div>\n\t\t\t\t<\/div>\n\t\t\t\t<div class=\"elementor-element elementor-element-7653355 elementor-widget elementor-widget-bloque-autor\" data-id=\"7653355\" data-element_type=\"widget\" data-widget_type=\"bloque-autor.default\">\n\t\t\t\t<div class=\"elementor-widget-container\">\n\t\t\t\t\t\n<section class=\"bloque bloque-autor  \">\n    <div class=\"container\">\n        <div class=\"row\">\n            <div class=\"col-12 col-lg-8 offset-lg-3\">\n                <div class=\"datos d-flex align-items-center\" data-aos=\"fade\" data-aos-delay=\"600\" data-aos-duration=\"800\">\n                    <div class=\"imagen\" ><img decoding=\"async\" src=\"https:\/\/oji.fundacion-sm.org\/wp-content\/uploads\/sites\/4\/2021\/04\/OJI-logo.png\" class=\"img-fluid\" alt=\"Logo del Observatorio de la Juventud en Iberoam\u00e9rica (OJI)\"><\/div>\n                    <div class=\"datos-content\">\n                        <p class=\"subtitulos\">OJI<\/p>\n                                                                    <\/div>\n                <\/div>\n            <\/div>\n        <\/div>\n    <\/div>\n<\/section>\t\t\t\t<\/div>\n\t\t\t\t<\/div>\n\t\t\t\t<div class=\"elementor-element elementor-element-b700241 elementor-widget elementor-widget-bloque-blog-2\" data-id=\"b700241\" data-element_type=\"widget\" data-widget_type=\"bloque-blog-2.default\">\n\t\t\t\t<div class=\"elementor-widget-container\">\n\t\t\t\t\t<!-- Bloque Blog -->\n<div class=\"container\">\n    <div class=\"row titulo-con-enlace\">\n        <div class=\"col-12\">\n            <h2 class=\"titulos\" data-aos=\"fade-left\" data-aos-duration=\"700\">Voc\u00ea pode gostar...<\/h2>                        <a href=\"https:\/\/oji.fundacion-sm.org\/pt-br\/em-foco\/\" data-aos=\"fade-right\" data-aos-duration=\"700\" class=\"enlace btn-arrow\" title=\"Ver mais\"><span>Ver mais<\/span><\/a>\n                    <\/div>\n    <\/div>\n<\/div>\n\n        <section class=\"bloque bloque-blog-listado  diseno-descifrando\">\n            <div class=\"container\">\n                <div class=\"row justify-content-center\">\n                    <div class=\"col-12 col-lg-10\">\n                        <ul class=\"listado row g-4 g-lg-5 ultimas\">                                       \n                            <li class=\"col-12 col-sm-6 d-flex align-items-stretch\" data-aos=\"fade-up\" data-aos-delay=\"200\" data-aos-duration=\"700\">\n        <a class=\"noticia \" href=\"https:\/\/oji.fundacion-sm.org\/pt-br\/em-foco\/formacao-foco-pt-br\/pesquisas-flash-por-que-estudamos\/\">\n    <div class=\"datos\">\n        <div class=\"categoria\">Forma\u00e7\u00e3o<\/div>\n        <div class=\"fecha\">10 setembro 2024<\/div>\n        <h3 class=\"subtitulos\">PESQUISAS FLASH: Por que estudamos?<\/h3>\n    <\/div>\n    <div class=\"image\">\n        <img fetchpriority=\"high\" decoding=\"async\" width=\"890\" height=\"540\" src=\"https:\/\/oji.fundacion-sm.org\/wp-content\/uploads\/sites\/4\/2024\/08\/Captura-de-pantalla-2024-08-01-142814-890x540.jpg\" class=\"img-fluid wp-post-image\" alt=\"\" \/>    <\/div>\n<\/a>    <\/li>\n                            <li class=\"col-12 col-sm-6 d-flex align-items-stretch\" data-aos=\"fade-up\" data-aos-delay=\"500\" data-aos-duration=\"700\">\n        <a class=\"noticia \" href=\"https:\/\/oji.fundacion-sm.org\/pt-br\/em-foco\/formacao-foco-pt-br\/pesquisa-flash-por-que-estudamos\/\">\n    <div class=\"datos\">\n        <div class=\"categoria\">Forma\u00e7\u00e3o<\/div>\n        <div class=\"fecha\">31 maio 2023<\/div>\n        <h3 class=\"subtitulos\">PESQUISAS FLASH: Por que estudamos?<\/h3>\n    <\/div>\n    <div class=\"image\">\n        <img decoding=\"async\" width=\"890\" height=\"560\" src=\"https:\/\/oji.fundacion-sm.org\/wp-content\/uploads\/sites\/4\/2023\/08\/sondeo-flash-por-que-estudiamos-890x560.png\" class=\"img-fluid wp-post-image\" alt=\"\" \/>    <\/div>\n<\/a>    <\/li>\n                        <\/ul>\n            <\/div>\n        <\/div>\n            <\/div>\n<\/section>\n\t\t\t\t<\/div>\n\t\t\t\t<\/div>\n\t\t\t\t<div class=\"elementor-element elementor-element-4e5d021 elementor-widget elementor-widget-bloque-videos\" data-id=\"4e5d021\" data-element_type=\"widget\" data-widget_type=\"bloque-videos.default\">\n\t\t\t\t<div class=\"elementor-widget-container\">\n\t\t\t\t\t<!-- Videos -->\n<section class=\"bloque bloque-videos-listado diseno-video \">\n    <div class=\"container \">\n        <div class=\"row titulo-con-enlace\">\n            <div class=\"col-12\">\n                <h2 class=\"titulos\" data-aos=\"fade-left\" data-aos-duration=\"700\">Videoteca<\/h2>                                <a href=\"https:\/\/oji.fundacion-sm.org\/pt-br\/biblioteca-de-videos\/\" data-aos=\"fade-right\" data-aos-duration=\"700\" class=\"enlace btn-arrow\" title=\"Ver mais\"><span>Ver mais<\/span><\/a>\n                            <\/div>\n        <\/div>\n    <div class=\"background\">\n                <div class=\"row justify-content-center gy-4 gy-lg-5\">\n                <div class=\"col-12 col-lg-10\">\n                    <div class=\"listado row g-4 g-lg-5\">\n                                                    <div class=\"col-12 col-sm-4 d-flex align-items-stretch\" data-aos=\"fade-up\" data-aos-delay=\"200\" data-aos-duration=\"700\">\n                                <a class=\"noticia \" href=\"https:\/\/oji.fundacion-sm.org\/pt-br\/biblioteca-de-videos\/virada-educacao-encontros-no-territorio-educador\/\">\n    <div class=\"image\">\n                <img decoding=\"async\" src=\"https:\/\/img.youtube.com\/vi\/bn_kvwpou1o\/maxresdefault.jpg\" class=\"img-fluid\" alt=\"Fotograf\u00eda ilustrativa del video: Virada Educa\u00e7\u00e3o \u2013 Encontros no territ\u00f3rio educador\" \/>\n    <\/div>\n    <div class=\"datos\">\n                <h3 class=\"subtitulos\">Virada Educa\u00e7\u00e3o \u2013 Encontros no territ\u00f3rio educador<\/h3>\n    <\/div>\n<\/a>                                <\/div>\n                                                            <div class=\"col-12 col-sm-4 d-flex align-items-stretch\" data-aos=\"fade-up\" data-aos-delay=\"500\" data-aos-duration=\"700\">\n                                <a class=\"noticia \" href=\"https:\/\/oji.fundacion-sm.org\/pt-br\/biblioteca-de-videos\/bastidores-em-cena\/\">\n    <div class=\"image\">\n                <img decoding=\"async\" src=\"https:\/\/img.youtube.com\/vi\/B61By7qecKE\/maxresdefault.jpg\" class=\"img-fluid\" alt=\"Fotograf\u00eda ilustrativa del video: Bastidores em cena &#8211; Oficina de Forma\u00e7\u00e3o Audiovisual\" \/>\n    <\/div>\n    <div class=\"datos\">\n                <h3 class=\"subtitulos\">Bastidores em cena &#8211; Oficina de Forma\u00e7\u00e3o Audiovisual<\/h3>\n    <\/div>\n<\/a>                                <\/div>\n                                                <\/div>\n                <\/div>\n            <\/div>\n        <\/div>\n    <\/div>\n<\/section>\t\t\t\t<\/div>\n\t\t\t\t<\/div>\n\t\t\t\t\t<\/div>\n\t\t<\/div>\n\t\t\t\t\t<\/div>\n\t\t<\/section>\n\t\t\t\t<\/div>\n\t\t","protected":false},"excerpt":{"rendered":"<p>As raz\u00f5es ligadas ao futuro profissional s\u00e3o as principais motiva\u00e7\u00f5es para os e as jovens estudarem: poder fazer o que gostam (Espanha 29%), (Chile 27%), (M\u00e9xico 18%); ter mais oportunidades de trabalho (M\u00e9xico 31%), (Brasil 27%), (Espanha 23%) ou ter um emprego bem remunerado s\u00e3o quest\u00f5es mais importantes do que aquelas relacionadas ao interesse em [&hellip;]<\/p>\n","protected":false},"author":12,"featured_media":5118,"comment_status":"closed","ping_status":"closed","sticky":false,"template":"","format":"standard","meta":{"_acf_changed":false,"footnotes":""},"categories":[15,109,114],"tags":[],"class_list":["post-5107","post","type-post","status-publish","format-standard","has-post-thumbnail","hentry","category-em-foco","category-empleo-foco-pt-br","category-formacao-foco-pt-br"],"acf":[],"yoast_head":"<!-- This site is optimized with the Yoast SEO plugin v26.7 - https:\/\/yoast.com\/wordpress\/plugins\/seo\/ -->\n<title>PESQUISAS FLASH: Por que estudamos? - Observat\u00f3rio da Juventude na Ibero-Am\u00e9rica (OJI)<\/title>\n<meta name=\"description\" content=\"A \u201cPesquisa Flash: Por que estudamos?\u201d \u00e9 a terceira enquete da s\u00e9rie \u201cPesquisas Flash\u201d. Um projeto que busca reunir periodicamente as opini\u00f5es sobre temas atuais de jovens de 15 a 29 anos que vivem em quatro pa\u00edses onde a Funda\u00e7\u00e3o SM est\u00e1 presente (Espanha, M\u00e9xico, Brasil e Chile).\" \/>\n<meta name=\"robots\" content=\"index, follow, max-snippet:-1, max-image-preview:large, max-video-preview:-1\" \/>\n<link rel=\"canonical\" href=\"https:\/\/oji.fundacion-sm.org\/pt-br\/em-foco\/formacao-foco-pt-br\/pesquisas-flash-por-que-estudamos\/\" \/>\n<meta property=\"og:locale\" content=\"pt_BR\" \/>\n<meta property=\"og:type\" content=\"article\" \/>\n<meta property=\"og:title\" content=\"PESQUISAS FLASH: Por que estudamos? - Observat\u00f3rio da Juventude na Ibero-Am\u00e9rica (OJI)\" \/>\n<meta property=\"og:description\" content=\"A \u201cPesquisa Flash: Por que estudamos?\u201d \u00e9 a terceira enquete da s\u00e9rie \u201cPesquisas Flash\u201d. Um projeto que busca reunir periodicamente as opini\u00f5es sobre temas atuais de jovens de 15 a 29 anos que vivem em quatro pa\u00edses onde a Funda\u00e7\u00e3o SM est\u00e1 presente (Espanha, M\u00e9xico, Brasil e Chile).\" \/>\n<meta property=\"og:url\" content=\"https:\/\/oji.fundacion-sm.org\/pt-br\/em-foco\/formacao-foco-pt-br\/pesquisas-flash-por-que-estudamos\/\" \/>\n<meta property=\"og:site_name\" content=\"Observat\u00f3rio da Juventude na Ibero-Am\u00e9rica (OJI)\" \/>\n<meta property=\"article:published_time\" content=\"2024-09-10T16:47:06+00:00\" \/>\n<meta property=\"og:image\" content=\"https:\/\/oji.fundacion-sm.org\/wp-content\/uploads\/sites\/4\/2024\/08\/Captura-de-pantalla-2024-08-01-142814.jpg\" \/>\n\t<meta property=\"og:image:width\" content=\"1092\" \/>\n\t<meta property=\"og:image:height\" content=\"540\" \/>\n\t<meta property=\"og:image:type\" content=\"image\/jpeg\" \/>\n<meta name=\"author\" content=\"ariana\" \/>\n<meta name=\"twitter:card\" content=\"summary_large_image\" \/>\n<script type=\"application\/ld+json\" class=\"yoast-schema-graph\">{\"@context\":\"https:\/\/schema.org\",\"@graph\":[{\"@type\":\"Article\",\"@id\":\"https:\/\/oji.fundacion-sm.org\/pt-br\/em-foco\/formacao-foco-pt-br\/pesquisas-flash-por-que-estudamos\/#article\",\"isPartOf\":{\"@id\":\"https:\/\/oji.fundacion-sm.org\/pt-br\/em-foco\/formacao-foco-pt-br\/pesquisas-flash-por-que-estudamos\/\"},\"author\":{\"name\":\"ariana\",\"@id\":\"https:\/\/oji.fundacion-sm.org\/pt-br\/#\/schema\/person\/1ddd60a817ab7af4c7b734d90f665b5f\"},\"headline\":\"PESQUISAS FLASH: Por que estudamos?\",\"datePublished\":\"2024-09-10T16:47:06+00:00\",\"mainEntityOfPage\":{\"@id\":\"https:\/\/oji.fundacion-sm.org\/pt-br\/em-foco\/formacao-foco-pt-br\/pesquisas-flash-por-que-estudamos\/\"},\"wordCount\":533,\"publisher\":{\"@id\":\"https:\/\/oji.fundacion-sm.org\/pt-br\/#organization\"},\"image\":{\"@id\":\"https:\/\/oji.fundacion-sm.org\/pt-br\/em-foco\/formacao-foco-pt-br\/pesquisas-flash-por-que-estudamos\/#primaryimage\"},\"thumbnailUrl\":\"https:\/\/oji.fundacion-sm.org\/wp-content\/uploads\/sites\/4\/2024\/08\/Captura-de-pantalla-2024-08-01-142814.jpg\",\"articleSection\":[\"Em foco\",\"Empleo\",\"Forma\u00e7\u00e3o\"],\"inLanguage\":\"pt-BR\"},{\"@type\":\"WebPage\",\"@id\":\"https:\/\/oji.fundacion-sm.org\/pt-br\/em-foco\/formacao-foco-pt-br\/pesquisas-flash-por-que-estudamos\/\",\"url\":\"https:\/\/oji.fundacion-sm.org\/pt-br\/em-foco\/formacao-foco-pt-br\/pesquisas-flash-por-que-estudamos\/\",\"name\":\"PESQUISAS FLASH: Por que estudamos? - Observat\u00f3rio da Juventude na Ibero-Am\u00e9rica (OJI)\",\"isPartOf\":{\"@id\":\"https:\/\/oji.fundacion-sm.org\/pt-br\/#website\"},\"primaryImageOfPage\":{\"@id\":\"https:\/\/oji.fundacion-sm.org\/pt-br\/em-foco\/formacao-foco-pt-br\/pesquisas-flash-por-que-estudamos\/#primaryimage\"},\"image\":{\"@id\":\"https:\/\/oji.fundacion-sm.org\/pt-br\/em-foco\/formacao-foco-pt-br\/pesquisas-flash-por-que-estudamos\/#primaryimage\"},\"thumbnailUrl\":\"https:\/\/oji.fundacion-sm.org\/wp-content\/uploads\/sites\/4\/2024\/08\/Captura-de-pantalla-2024-08-01-142814.jpg\",\"datePublished\":\"2024-09-10T16:47:06+00:00\",\"description\":\"A \u201cPesquisa Flash: Por que estudamos?\u201d \u00e9 a terceira enquete da s\u00e9rie \u201cPesquisas Flash\u201d. Um projeto que busca reunir periodicamente as opini\u00f5es sobre temas atuais de jovens de 15 a 29 anos que vivem em quatro pa\u00edses onde a Funda\u00e7\u00e3o SM est\u00e1 presente (Espanha, M\u00e9xico, Brasil e Chile).\",\"breadcrumb\":{\"@id\":\"https:\/\/oji.fundacion-sm.org\/pt-br\/em-foco\/formacao-foco-pt-br\/pesquisas-flash-por-que-estudamos\/#breadcrumb\"},\"inLanguage\":\"pt-BR\",\"potentialAction\":[{\"@type\":\"ReadAction\",\"target\":[\"https:\/\/oji.fundacion-sm.org\/pt-br\/em-foco\/formacao-foco-pt-br\/pesquisas-flash-por-que-estudamos\/\"]}]},{\"@type\":\"ImageObject\",\"inLanguage\":\"pt-BR\",\"@id\":\"https:\/\/oji.fundacion-sm.org\/pt-br\/em-foco\/formacao-foco-pt-br\/pesquisas-flash-por-que-estudamos\/#primaryimage\",\"url\":\"https:\/\/oji.fundacion-sm.org\/wp-content\/uploads\/sites\/4\/2024\/08\/Captura-de-pantalla-2024-08-01-142814.jpg\",\"contentUrl\":\"https:\/\/oji.fundacion-sm.org\/wp-content\/uploads\/sites\/4\/2024\/08\/Captura-de-pantalla-2024-08-01-142814.jpg\",\"width\":1092,\"height\":540},{\"@type\":\"BreadcrumbList\",\"@id\":\"https:\/\/oji.fundacion-sm.org\/pt-br\/em-foco\/formacao-foco-pt-br\/pesquisas-flash-por-que-estudamos\/#breadcrumb\",\"itemListElement\":[{\"@type\":\"ListItem\",\"position\":1,\"name\":\"Home\",\"item\":\"https:\/\/oji.fundacion-sm.org\/pt-br\/\"},{\"@type\":\"ListItem\",\"position\":2,\"name\":\"Em foco\",\"item\":\"https:\/\/oji.fundacion-sm.org\/pt-br\/em-foco\/\"},{\"@type\":\"ListItem\",\"position\":3,\"name\":\"Forma\u00e7\u00e3o\",\"item\":\"https:\/\/oji.fundacion-sm.org\/pt-br\/em-foco\/formacao-foco-pt-br\/\"},{\"@type\":\"ListItem\",\"position\":4,\"name\":\"PESQUISAS FLASH: Por que estudamos?\"}]},{\"@type\":\"WebSite\",\"@id\":\"https:\/\/oji.fundacion-sm.org\/pt-br\/#website\",\"url\":\"https:\/\/oji.fundacion-sm.org\/pt-br\/\",\"name\":\"Observat\u00f3rio da Juventude na Ibero-Am\u00e9rica (OJI)\",\"description\":\"Somos un programa de la Fundaci\u00f3n SM con vocaci\u00f3n de agrupar conocimiento, ser un lugar de referencia y servir de nexo de uni\u00f3n entre distintos observatorios y estudios sobre juventud e Iberoam\u00e9rica.\",\"publisher\":{\"@id\":\"https:\/\/oji.fundacion-sm.org\/pt-br\/#organization\"},\"potentialAction\":[{\"@type\":\"SearchAction\",\"target\":{\"@type\":\"EntryPoint\",\"urlTemplate\":\"https:\/\/oji.fundacion-sm.org\/pt-br\/?s={search_term_string}\"},\"query-input\":{\"@type\":\"PropertyValueSpecification\",\"valueRequired\":true,\"valueName\":\"search_term_string\"}}],\"inLanguage\":\"pt-BR\"},{\"@type\":\"Organization\",\"@id\":\"https:\/\/oji.fundacion-sm.org\/pt-br\/#organization\",\"name\":\"Fundaci\u00f3n SM\",\"url\":\"https:\/\/oji.fundacion-sm.org\/pt-br\/\",\"logo\":{\"@type\":\"ImageObject\",\"inLanguage\":\"pt-BR\",\"@id\":\"https:\/\/oji.fundacion-sm.org\/pt-br\/#\/schema\/logo\/image\/\",\"url\":\"https:\/\/oji.fundacion-sm.org\/wp-content\/uploads\/sites\/4\/2023\/10\/logotipo-fundacion-sm.png\",\"contentUrl\":\"https:\/\/oji.fundacion-sm.org\/wp-content\/uploads\/sites\/4\/2023\/10\/logotipo-fundacion-sm.png\",\"width\":447,\"height\":85,\"caption\":\"Fundaci\u00f3n SM\"},\"image\":{\"@id\":\"https:\/\/oji.fundacion-sm.org\/pt-br\/#\/schema\/logo\/image\/\"}},{\"@type\":\"Person\",\"@id\":\"https:\/\/oji.fundacion-sm.org\/pt-br\/#\/schema\/person\/1ddd60a817ab7af4c7b734d90f665b5f\",\"name\":\"ariana\"}]}<\/script>\n<!-- \/ Yoast SEO plugin. -->","yoast_head_json":{"title":"PESQUISAS FLASH: Por que estudamos? - Observat\u00f3rio da Juventude na Ibero-Am\u00e9rica (OJI)","description":"A \u201cPesquisa Flash: Por que estudamos?\u201d \u00e9 a terceira enquete da s\u00e9rie \u201cPesquisas Flash\u201d. Um projeto que busca reunir periodicamente as opini\u00f5es sobre temas atuais de jovens de 15 a 29 anos que vivem em quatro pa\u00edses onde a Funda\u00e7\u00e3o SM est\u00e1 presente (Espanha, M\u00e9xico, Brasil e Chile).","robots":{"index":"index","follow":"follow","max-snippet":"max-snippet:-1","max-image-preview":"max-image-preview:large","max-video-preview":"max-video-preview:-1"},"canonical":"https:\/\/oji.fundacion-sm.org\/pt-br\/em-foco\/formacao-foco-pt-br\/pesquisas-flash-por-que-estudamos\/","og_locale":"pt_BR","og_type":"article","og_title":"PESQUISAS FLASH: Por que estudamos? - Observat\u00f3rio da Juventude na Ibero-Am\u00e9rica (OJI)","og_description":"A \u201cPesquisa Flash: Por que estudamos?\u201d \u00e9 a terceira enquete da s\u00e9rie \u201cPesquisas Flash\u201d. Um projeto que busca reunir periodicamente as opini\u00f5es sobre temas atuais de jovens de 15 a 29 anos que vivem em quatro pa\u00edses onde a Funda\u00e7\u00e3o SM est\u00e1 presente (Espanha, M\u00e9xico, Brasil e Chile).","og_url":"https:\/\/oji.fundacion-sm.org\/pt-br\/em-foco\/formacao-foco-pt-br\/pesquisas-flash-por-que-estudamos\/","og_site_name":"Observat\u00f3rio da Juventude na Ibero-Am\u00e9rica (OJI)","article_published_time":"2024-09-10T16:47:06+00:00","og_image":[{"width":1092,"height":540,"url":"https:\/\/oji.fundacion-sm.org\/wp-content\/uploads\/sites\/4\/2024\/08\/Captura-de-pantalla-2024-08-01-142814.jpg","type":"image\/jpeg"}],"author":"ariana","twitter_card":"summary_large_image","schema":{"@context":"https:\/\/schema.org","@graph":[{"@type":"Article","@id":"https:\/\/oji.fundacion-sm.org\/pt-br\/em-foco\/formacao-foco-pt-br\/pesquisas-flash-por-que-estudamos\/#article","isPartOf":{"@id":"https:\/\/oji.fundacion-sm.org\/pt-br\/em-foco\/formacao-foco-pt-br\/pesquisas-flash-por-que-estudamos\/"},"author":{"name":"ariana","@id":"https:\/\/oji.fundacion-sm.org\/pt-br\/#\/schema\/person\/1ddd60a817ab7af4c7b734d90f665b5f"},"headline":"PESQUISAS FLASH: Por que estudamos?","datePublished":"2024-09-10T16:47:06+00:00","mainEntityOfPage":{"@id":"https:\/\/oji.fundacion-sm.org\/pt-br\/em-foco\/formacao-foco-pt-br\/pesquisas-flash-por-que-estudamos\/"},"wordCount":533,"publisher":{"@id":"https:\/\/oji.fundacion-sm.org\/pt-br\/#organization"},"image":{"@id":"https:\/\/oji.fundacion-sm.org\/pt-br\/em-foco\/formacao-foco-pt-br\/pesquisas-flash-por-que-estudamos\/#primaryimage"},"thumbnailUrl":"https:\/\/oji.fundacion-sm.org\/wp-content\/uploads\/sites\/4\/2024\/08\/Captura-de-pantalla-2024-08-01-142814.jpg","articleSection":["Em foco","Empleo","Forma\u00e7\u00e3o"],"inLanguage":"pt-BR"},{"@type":"WebPage","@id":"https:\/\/oji.fundacion-sm.org\/pt-br\/em-foco\/formacao-foco-pt-br\/pesquisas-flash-por-que-estudamos\/","url":"https:\/\/oji.fundacion-sm.org\/pt-br\/em-foco\/formacao-foco-pt-br\/pesquisas-flash-por-que-estudamos\/","name":"PESQUISAS FLASH: Por que estudamos? - Observat\u00f3rio da Juventude na Ibero-Am\u00e9rica (OJI)","isPartOf":{"@id":"https:\/\/oji.fundacion-sm.org\/pt-br\/#website"},"primaryImageOfPage":{"@id":"https:\/\/oji.fundacion-sm.org\/pt-br\/em-foco\/formacao-foco-pt-br\/pesquisas-flash-por-que-estudamos\/#primaryimage"},"image":{"@id":"https:\/\/oji.fundacion-sm.org\/pt-br\/em-foco\/formacao-foco-pt-br\/pesquisas-flash-por-que-estudamos\/#primaryimage"},"thumbnailUrl":"https:\/\/oji.fundacion-sm.org\/wp-content\/uploads\/sites\/4\/2024\/08\/Captura-de-pantalla-2024-08-01-142814.jpg","datePublished":"2024-09-10T16:47:06+00:00","description":"A \u201cPesquisa Flash: Por que estudamos?\u201d \u00e9 a terceira enquete da s\u00e9rie \u201cPesquisas Flash\u201d. Um projeto que busca reunir periodicamente as opini\u00f5es sobre temas atuais de jovens de 15 a 29 anos que vivem em quatro pa\u00edses onde a Funda\u00e7\u00e3o SM est\u00e1 presente (Espanha, M\u00e9xico, Brasil e Chile).","breadcrumb":{"@id":"https:\/\/oji.fundacion-sm.org\/pt-br\/em-foco\/formacao-foco-pt-br\/pesquisas-flash-por-que-estudamos\/#breadcrumb"},"inLanguage":"pt-BR","potentialAction":[{"@type":"ReadAction","target":["https:\/\/oji.fundacion-sm.org\/pt-br\/em-foco\/formacao-foco-pt-br\/pesquisas-flash-por-que-estudamos\/"]}]},{"@type":"ImageObject","inLanguage":"pt-BR","@id":"https:\/\/oji.fundacion-sm.org\/pt-br\/em-foco\/formacao-foco-pt-br\/pesquisas-flash-por-que-estudamos\/#primaryimage","url":"https:\/\/oji.fundacion-sm.org\/wp-content\/uploads\/sites\/4\/2024\/08\/Captura-de-pantalla-2024-08-01-142814.jpg","contentUrl":"https:\/\/oji.fundacion-sm.org\/wp-content\/uploads\/sites\/4\/2024\/08\/Captura-de-pantalla-2024-08-01-142814.jpg","width":1092,"height":540},{"@type":"BreadcrumbList","@id":"https:\/\/oji.fundacion-sm.org\/pt-br\/em-foco\/formacao-foco-pt-br\/pesquisas-flash-por-que-estudamos\/#breadcrumb","itemListElement":[{"@type":"ListItem","position":1,"name":"Home","item":"https:\/\/oji.fundacion-sm.org\/pt-br\/"},{"@type":"ListItem","position":2,"name":"Em foco","item":"https:\/\/oji.fundacion-sm.org\/pt-br\/em-foco\/"},{"@type":"ListItem","position":3,"name":"Forma\u00e7\u00e3o","item":"https:\/\/oji.fundacion-sm.org\/pt-br\/em-foco\/formacao-foco-pt-br\/"},{"@type":"ListItem","position":4,"name":"PESQUISAS FLASH: Por que estudamos?"}]},{"@type":"WebSite","@id":"https:\/\/oji.fundacion-sm.org\/pt-br\/#website","url":"https:\/\/oji.fundacion-sm.org\/pt-br\/","name":"Observat\u00f3rio da Juventude na Ibero-Am\u00e9rica (OJI)","description":"Somos un programa de la Fundaci\u00f3n SM con vocaci\u00f3n de agrupar conocimiento, ser un lugar de referencia y servir de nexo de uni\u00f3n entre distintos observatorios y estudios sobre juventud e Iberoam\u00e9rica.","publisher":{"@id":"https:\/\/oji.fundacion-sm.org\/pt-br\/#organization"},"potentialAction":[{"@type":"SearchAction","target":{"@type":"EntryPoint","urlTemplate":"https:\/\/oji.fundacion-sm.org\/pt-br\/?s={search_term_string}"},"query-input":{"@type":"PropertyValueSpecification","valueRequired":true,"valueName":"search_term_string"}}],"inLanguage":"pt-BR"},{"@type":"Organization","@id":"https:\/\/oji.fundacion-sm.org\/pt-br\/#organization","name":"Fundaci\u00f3n SM","url":"https:\/\/oji.fundacion-sm.org\/pt-br\/","logo":{"@type":"ImageObject","inLanguage":"pt-BR","@id":"https:\/\/oji.fundacion-sm.org\/pt-br\/#\/schema\/logo\/image\/","url":"https:\/\/oji.fundacion-sm.org\/wp-content\/uploads\/sites\/4\/2023\/10\/logotipo-fundacion-sm.png","contentUrl":"https:\/\/oji.fundacion-sm.org\/wp-content\/uploads\/sites\/4\/2023\/10\/logotipo-fundacion-sm.png","width":447,"height":85,"caption":"Fundaci\u00f3n SM"},"image":{"@id":"https:\/\/oji.fundacion-sm.org\/pt-br\/#\/schema\/logo\/image\/"}},{"@type":"Person","@id":"https:\/\/oji.fundacion-sm.org\/pt-br\/#\/schema\/person\/1ddd60a817ab7af4c7b734d90f665b5f","name":"ariana"}]}},"_links":{"self":[{"href":"https:\/\/oji.fundacion-sm.org\/pt-br\/wp-json\/wp\/v2\/posts\/5107","targetHints":{"allow":["GET"]}}],"collection":[{"href":"https:\/\/oji.fundacion-sm.org\/pt-br\/wp-json\/wp\/v2\/posts"}],"about":[{"href":"https:\/\/oji.fundacion-sm.org\/pt-br\/wp-json\/wp\/v2\/types\/post"}],"author":[{"embeddable":true,"href":"https:\/\/oji.fundacion-sm.org\/pt-br\/wp-json\/wp\/v2\/users\/12"}],"replies":[{"embeddable":true,"href":"https:\/\/oji.fundacion-sm.org\/pt-br\/wp-json\/wp\/v2\/comments?post=5107"}],"version-history":[{"count":1,"href":"https:\/\/oji.fundacion-sm.org\/pt-br\/wp-json\/wp\/v2\/posts\/5107\/revisions"}],"predecessor-version":[{"id":5190,"href":"https:\/\/oji.fundacion-sm.org\/pt-br\/wp-json\/wp\/v2\/posts\/5107\/revisions\/5190"}],"wp:featuredmedia":[{"embeddable":true,"href":"https:\/\/oji.fundacion-sm.org\/pt-br\/wp-json\/wp\/v2\/media\/5118"}],"wp:attachment":[{"href":"https:\/\/oji.fundacion-sm.org\/pt-br\/wp-json\/wp\/v2\/media?parent=5107"}],"wp:term":[{"taxonomy":"category","embeddable":true,"href":"https:\/\/oji.fundacion-sm.org\/pt-br\/wp-json\/wp\/v2\/categories?post=5107"},{"taxonomy":"post_tag","embeddable":true,"href":"https:\/\/oji.fundacion-sm.org\/pt-br\/wp-json\/wp\/v2\/tags?post=5107"}],"curies":[{"name":"wp","href":"https:\/\/api.w.org\/{rel}","templated":true}]}}